{"id":65153,"date":"2023-08-25T04:08:28","date_gmt":"2023-08-25T07:08:28","guid":{"rendered":"https:\/\/conurbanodiario.com.ar\/?p=65153"},"modified":"2023-08-25T04:08:28","modified_gmt":"2023-08-25T07:08:28","slug":"los-pumas-con-varios-regresos-confirmados-para-enfrentar-a-espana-en-amistoso-este-sabado","status":"publish","type":"post","link":"https:\/\/conurbanodiario.com.ar\/?p=65153","title":{"rendered":"LOS PUMAS, CON VARIOS REGRESOS, CONFIRMADOS PARA ENFRENTAR A ESPA\u00d1A EN AMISTOSO ESTE S\u00c1BADO"},"content":{"rendered":"\n<p>El seleccionado argentino de rugby, Los Pumas, se medir\u00e1 el s\u00e1bado pr\u00f3ximo frente a su par de Espa\u00f1a, en un partido amistoso, y contar\u00e1 en su formaci\u00f3n inicial con los regresos de la pareja de medios integrada por Tom\u00e1s Cubelli y Nicol\u00e1s S\u00e1nchez, y los suspendidos Marcos Kremer (tercera l\u00ednea) y el fullback Juan Cruz Mall\u00eda.<\/p>\n\n\n\n<p>El encuentro se disputar\u00e1 en estadio de Atl\u00e9tico de Madrid, desde las 16, y ser\u00e1 el \u00faltimo compromiso previo a su debut frente a Inglaterra, el pr\u00f3ximo 9 de septiembre en el Stade de Marsella en el Mundial de Francia 2023.<\/p>\n\n\n\n<p>El equipo titular designado por el entrenador australiano Michael Cheika es el siguiente: Joel Sclavi, Agust\u00edn Creevy y Eduardo Bello; Guido Petti y Pedro Rubiolo; Santiago Grondona, Marcos Kremer y Facundo Isa, Tom\u00e1s Cubelli (capit\u00e1n) y Nicol\u00e1s S\u00e1nchez; Mateo Carreras,Santiago Chocobares, Mat\u00edas Moroni y Rodrigo Isgr\u00f3; Juan Cruz Mall\u00eda.<\/p>\n\n\n\n<p>El banco de suplentes lo integrar\u00e1n Ignacio Ruiz, Mayco Vivas, Lucio Sordoni, Mat\u00edas Alemanno, Santiago Grondona, Lautaro Baz\u00e1n V\u00e9lez, Jer\u00f3nimo de la Fuente y Mart\u00edn Bogado.<\/p>\n\n\n\n<p>En la formaci\u00f3n inicial, entre los forwards, la primera l\u00ednea estar\u00e1 integrada por el pilar izquierdo, Joel Sclavi, Agust\u00edn Creevy como hooker y Eduardo Bello como pilar derecho.<\/p>\n\n\n\n<p>En la segunda l\u00ednea, estar\u00e1 desde el inicio Guido Petti junto a Pedro Rubiolo, quien jugar\u00e1 su segundo partido como titular en el seleccionado nacional.<\/p>\n\n\n\n<p>Finalmente, la tercera l\u00ednea la componen Marcos Kremer, quien regresar\u00e1 tras una suspensi\u00f3n, junto a Rodrigo Bruni y Facundo Isa.<\/p>\n\n\n\n<p>Entre los tres cuartos, el medio scrum y capit\u00e1n Tom\u00e1s Cubelli, debutar\u00e1 esta temporada, junto al medio apertura tucumano Nicol\u00e1s S\u00e1nchez, quien regresar\u00e1 tras las ausencias frente a Sud\u00e1frica por padecer un estado gripal.<\/p>\n\n\n\n<p>La pareja de centros la componen Mat\u00edas Moroni y Santiago Chocobares y los wines ser\u00e1n Mateo Carreras y Rodrig\u00f3 Isro y como fullback Juan Cruz Mallia.<\/p>\n\n\n\n<p>Por su parte, entre los suplentes estar\u00e1 Mat\u00edas Alemanno -recuperado de una lesi\u00f3n frente a Australia- y los pilares Lucio Sordoni y Mayco Vivas, ambos convocados.<\/p>\n\n\n\n<p>Los Pumas se enfrentar\u00e1n ante el seleccionado de Los \u00abLeones\u00bb por quinta vez con un saldo de cuatro triunfos argentinos, dos de ellos obtenidos en Madrid y los dos restantes en Buenos Aires y Mar del Plata.<\/p>\n\n\n\n<p>Los Pumas viajan este viernes rumbo a Espa\u00f1a, para regresar el domingo a la ciudad de Faro, Portugal, donde continuar\u00e1n concentrados.<\/p>\n\n\n\n<p>Posteriormente, la delegaci\u00f3n argentina viajar\u00e1 el pr\u00f3ximo 2 de septiembre a la Ville de La Baule, una ciudad ubicada a 450 kil\u00f3metros de la ciudad de Par\u00eds, para afinar su preparaci\u00f3n de cara al inicio del Mundial de Francia 2023.<\/p>\n\n\n\n<p>Los Pumas compartir\u00e1n el Grupo D junto a los representativos de Chile, Jap\u00f3n, Samoa e Inglaterra -subcampe\u00f3n mundial-, que ser\u00e1 el rival del debut el 9 de septiembre en el Stade de Marsella, desde las 16 hora argentina.<\/p>\n\n\n\n<p>La agenda argentina en el Mundial continuar\u00e1 con el encuentro frente al poderoso seleccionado de Samoa, el viernes 22 en Saint-Etienne; luego con el cruce del s\u00e1bado 30 ante Chile en Nantes y finalmente, en la misma ciudad, con el encuentro frente al conjunto de Jap\u00f3n, revelaci\u00f3n en los \u00faltimos dos Mundiales, el domingo 8 de octubre.<\/p>\n\n\n\n<p>Por su parte, el seleccionado de Espa\u00f1a ocupa el puesto vig\u00e9simo del ranking oficial de la World Rugby y no particip\u00f3 en ning\u00fan Mundial de Rugby.<\/p>\n\n\n\n<p>El seleccionado espa\u00f1ol dirigido por el entrenador Miguel Velazco formar\u00e1 de la siguiente manera: John Wessel Bell; Martiniano Cian, I\u00f1aki Mateu, Gonzalo L\u00f3pez y Federico Castegloni; Gonzalo Vinuesa y Estanislao Bay; Facundo Dom\u00ednguez, Mario Pichardie y Matthew Foulds; Alejandro Su\u00e1rez y Lucas Guillaume; Bittor Aboitiz, Pablo Miejimolle y Thierry Futeu.<\/p>\n\n\n\n<p>Los suplentes convocados son Santiago Ovejero, Ra\u00fal Calz\u00f3n, Lucas Santamar\u00eda, Raphael Nieto, V\u00edctor S\u00e1nchez, Ike Irusta, Bautista G\u00fcemes y Jordi Jorba.<\/p>\n","protected":false},"excerpt":{"rendered":"<p>El seleccionado argentino de rugby, Los Pumas, se medir\u00e1 el s\u00e1bado pr\u00f3ximo frente a su&#8230;<\/p>\n","protected":false},"author":1,"featured_media":59656,"comment_status":"closed","ping_status":"closed","sticky":false,"template":"","format":"standard","meta":{"footnotes":""},"categories":[32],"tags":[],"class_list":["post-65153","post","type-post","status-publish","format-standard","has-post-thumbnail","hentry","category-deportes"],"_links":{"self":[{"href":"https:\/\/conurbanodiario.com.ar\/index.php?rest_route=\/wp\/v2\/posts\/65153","targetHints":{"allow":["GET"]}}],"collection":[{"href":"https:\/\/conurbanodiario.com.ar\/index.php?rest_route=\/wp\/v2\/posts"}],"about":[{"href":"https:\/\/conurbanodiario.com.ar\/index.php?rest_route=\/wp\/v2\/types\/post"}],"author":[{"embeddable":true,"href":"https:\/\/conurbanodiario.com.ar\/index.php?rest_route=\/wp\/v2\/users\/1"}],"replies":[{"embeddable":true,"href":"https:\/\/conurbanodiario.com.ar\/index.php?rest_route=%2Fwp%2Fv2%2Fcomments&post=65153"}],"version-history":[{"count":1,"href":"https:\/\/conurbanodiario.com.ar\/index.php?rest_route=\/wp\/v2\/posts\/65153\/revisions"}],"predecessor-version":[{"id":65155,"href":"https:\/\/conurbanodiario.com.ar\/index.php?rest_route=\/wp\/v2\/posts\/65153\/revisions\/65155"}],"wp:featuredmedia":[{"embeddable":true,"href":"https:\/\/conurbanodiario.com.ar\/index.php?rest_route=\/wp\/v2\/media\/59656"}],"wp:attachment":[{"href":"https:\/\/conurbanodiario.com.ar\/index.php?rest_route=%2Fwp%2Fv2%2Fmedia&parent=65153"}],"wp:term":[{"taxonomy":"category","embeddable":true,"href":"https:\/\/conurbanodiario.com.ar\/index.php?rest_route=%2Fwp%2Fv2%2Fcategories&post=65153"},{"taxonomy":"post_tag","embeddable":true,"href":"https:\/\/conurbanodiario.com.ar\/index.php?rest_route=%2Fwp%2Fv2%2Ftags&post=65153"}],"curies":[{"name":"wp","href":"https:\/\/api.w.org\/{rel}","templated":true}]}}