{"id":65144,"date":"2023-08-25T01:08:00","date_gmt":"2023-08-25T04:08:00","guid":{"rendered":"https:\/\/conurbanodiario.com.ar\/?p=65144"},"modified":"2023-08-25T03:56:26","modified_gmt":"2023-08-25T06:56:26","slug":"andres-watson-monitoreo-las-obras-de-urbanizacion-en-barrio-9-de-julio","status":"publish","type":"post","link":"https:\/\/conurbanodiario.com.ar\/?p=65144","title":{"rendered":"ANDR\u00c9S WATSON MONITORE\u00d3 LAS OBRAS DE URBANIZACI\u00d3N EN BARRIO 9 DE JULIO"},"content":{"rendered":"\n<p>El intendente -Andr\u00e9s Watson- supervis\u00f3 las labores complementarias al entubamiento del arroyo Jim\u00e9nez mediante una intervenci\u00f3n que contempl\u00f3 la pavimentaci\u00f3n de nuevas arterias y la creaci\u00f3n de un play\u00f3n deportivo en la intersecci\u00f3n de Parillo con Contreras.<\/p>\n\n\n\n<p>El titular en el Ejecutivo varelense remarc\u00f3 \u00abel objetivo de transformar la vida cotidiana de los vecinos y vecinas con la concreci\u00f3n de accesos en un \u00e1rea que no ten\u00eda asfaltos\u00bb.<\/p>\n\n\n\n<p>El Jefe Comunal recalc\u00f3 \u00abla unicidad de criterio y de acci\u00f3n de los estamentos gubernamentales, tanto municipal como federal, en un plan que ya alcanz\u00f3 el 20 % de avance\u00bb. Con relaci\u00f3n a los trabajos, enumer\u00f3 la instalaci\u00f3n de luminarias LED, construcci\u00f3n de veredas y parquizaci\u00f3n.<\/p>\n\n\n\n<p>Por otra parte, el Mandatario ponder\u00f3 \u00abla incorporaci\u00f3n de un complejo multideportivo a partir de un proyecto creado por estudiantes en la Secundaria T\u00e9cnica N\u00ba2\u00bb. \u00abEscuchamos su demanda, diagramamos una respuesta e iniciamos su ejecuci\u00f3n\u00bb, se\u00f1al\u00f3.<\/p>\n\n\n\n<p>El director de la E.E.S.T. N\u00ba2 -Miguel \u00c1ngel Vargas- record\u00f3 el origen de la propuesta. \u00abFue la idea de un grupo de egresados del a\u00f1o pasado que detect\u00f3 la falta de un sitio acorde donde pasar el tiempo libre entre la cursada\u00bb, evoc\u00f3.<\/p>\n\n\n\n<p>En este sentido, el ex alumno -Facundo Ezequiel Su\u00e1rez- mencion\u00f3 \u00abel relevamiento previo efectuado por mis compa\u00f1eros y compa\u00f1eras junto docentes en el que registramos la necesidad de un predio para el esparcimiento\u00bb.<\/p>\n\n\n\n<p>\u00abDespu\u00e9s, evaluamos la ubicaci\u00f3n del arbolado, las plateas, las rampas. Nos basamos en otorgar una mayor comodidad tanto para chicos y chicas como al vecindario en general\u00bb, describi\u00f3. \u00abFue una enorme satisfacci\u00f3n al observar la puesta en marcha\u00bb, cerr\u00f3.<\/p>\n\n\n\n<p>Tras dialogar con el Alcalde, la integrante de 7mo a\u00f1o -Natacha Sato- analiz\u00f3 \u00abel impacto positivo de las futuras luces con respecto a la seguridad adem\u00e1s del beneficio al ecosistema con el sembrado de \u00e1rboles\u00bb.<\/p>\n\n\n\n<p>Residente en el lugar desde 1979, David Irusta resalt\u00f3 el progreso de las tareas viales. \u00abQued\u00f3 espectacular, termin\u00f3 con las inundaciones y la acumulaci\u00f3n de residuos\u00bb, indic\u00f3.<\/p>\n\n\n\n<p>De igual manera, la frentista -Pilar Arce- agradeci\u00f3 a \u00abla administraci\u00f3n local por poner en valor la zona: no pasaban las ambulancias ni los patrulleros y camin\u00e1bamos con cuidado por el barro o el agua\u00bb.<\/p>\n\n\n\n<p>Programaron pavimentar dos cuadras en Parillo, entre Contreras y Alem, otras dos en Batalla de Ituzaing\u00f3, entre Almafuerte y Constituci\u00f3n, m\u00e1s una en Parravicini, entre Senzabello y Esposos Curie. Estipularon la colocaci\u00f3n de juegos infantiles en Esposos Curie, entre Necochea y Braille.<\/p>\n\n\n\n<p>Tambi\u00e9n estuvo presente el secretario de Obras, Servicios P\u00fablicos, Ambiente y Planificaci\u00f3n Urbana -Diego Trejo-.<\/p>\n","protected":false},"excerpt":{"rendered":"<p>El intendente -Andr\u00e9s Watson- supervis\u00f3 las labores complementarias al entubamiento del arroyo Jim\u00e9nez mediante una&#8230;<\/p>\n","protected":false},"author":1,"featured_media":59656,"comment_status":"closed","ping_status":"closed","sticky":false,"template":"","format":"standard","meta":{"footnotes":""},"categories":[3],"tags":[],"class_list":["post-65144","post","type-post","status-publish","format-standard","has-post-thumbnail","hentry","category-informacion-general"],"_links":{"self":[{"href":"https:\/\/conurbanodiario.com.ar\/index.php?rest_route=\/wp\/v2\/posts\/65144","targetHints":{"allow":["GET"]}}],"collection":[{"href":"https:\/\/conurbanodiario.com.ar\/index.php?rest_route=\/wp\/v2\/posts"}],"about":[{"href":"https:\/\/conurbanodiario.com.ar\/index.php?rest_route=\/wp\/v2\/types\/post"}],"author":[{"embeddable":true,"href":"https:\/\/conurbanodiario.com.ar\/index.php?rest_route=\/wp\/v2\/users\/1"}],"replies":[{"embeddable":true,"href":"https:\/\/conurbanodiario.com.ar\/index.php?rest_route=%2Fwp%2Fv2%2Fcomments&post=65144"}],"version-history":[{"count":1,"href":"https:\/\/conurbanodiario.com.ar\/index.php?rest_route=\/wp\/v2\/posts\/65144\/revisions"}],"predecessor-version":[{"id":65146,"href":"https:\/\/conurbanodiario.com.ar\/index.php?rest_route=\/wp\/v2\/posts\/65144\/revisions\/65146"}],"wp:featuredmedia":[{"embeddable":true,"href":"https:\/\/conurbanodiario.com.ar\/index.php?rest_route=\/wp\/v2\/media\/59656"}],"wp:attachment":[{"href":"https:\/\/conurbanodiario.com.ar\/index.php?rest_route=%2Fwp%2Fv2%2Fmedia&parent=65144"}],"wp:term":[{"taxonomy":"category","embeddable":true,"href":"https:\/\/conurbanodiario.com.ar\/index.php?rest_route=%2Fwp%2Fv2%2Fcategories&post=65144"},{"taxonomy":"post_tag","embeddable":true,"href":"https:\/\/conurbanodiario.com.ar\/index.php?rest_route=%2Fwp%2Fv2%2Ftags&post=65144"}],"curies":[{"name":"wp","href":"https:\/\/api.w.org\/{rel}","templated":true}]}}