{"id":65137,"date":"2023-08-25T03:42:46","date_gmt":"2023-08-25T06:42:46","guid":{"rendered":"https:\/\/conurbanodiario.com.ar\/?p=65137"},"modified":"2023-08-25T03:45:05","modified_gmt":"2023-08-25T06:45:05","slug":"massa-la-discusion-de-fondo-es-si-argentina-es-un-pais-primarizado-o-industrial","status":"publish","type":"post","link":"https:\/\/conurbanodiario.com.ar\/?p=65137","title":{"rendered":"MASSA: &#8220;LA DISCUSI\u00d3N DE FONDO ES SI ARGENTINA ES UN PA\u00cdS PRIMARIZADO O INDUSTRIAL&#8221;"},"content":{"rendered":"\n<p>El ministro de Econom\u00eda y candidato a presidente por Uni\u00f3n por la Patria, Sergio Massa, afirm\u00f3 que \u00abla discusi\u00f3n de fondo es si Argentina es un pa\u00eds primarizado o industrial\u00bb, al referirse a la elecci\u00f3n presidencial de octubre, y dijo que en esa compulsa lo que est\u00e1 en juego es \u00abun pa\u00eds en v\u00edas de desarrollo versus la l\u00f3gica de la selva\u00bb.<\/p>\n\n\n\n<p>\u00abArgentina no es un pa\u00eds desarrollado que puede aceptar que todas las reglas de mercado se desarrollen libremente. La elecci\u00f3n de fondo es si Argentina es un pa\u00eds primarizado, solamente enfocado en la exportaci\u00f3n de bienes primarios, o si es un pa\u00eds que elige un proyecto de desarrollo industrial\u00bb, subray\u00f3 Massa al participar en un evento organizado por el Consejo de las Am\u00e9ricas.<\/p>\n\n\n\n<p>En ese sentido, dijo que la Argentina tiene oportunidades para \u00abconstruir un proyecto de desarrollo industrial con valor agregado alrededor del sector agroindustrial y tambi\u00e9n de otros sectores como el de Oil &amp; Gas o la miner\u00eda\u00bb, que permitan desarrollar de forma federal al pa\u00eds.<\/p>\n\n\n\n<p>En los comicios del 22 de octubre \u00abest\u00e1 en claro que hay dos caminos, no hay tres\u00bb en disputa, dijo Massa: un \u00abmodelo de desarrollo industrial\u00bb, encarnado por el oficialismo; contra otro de \u00abexportaci\u00f3n de bienes primarios\u00bb, en los que ubic\u00f3 al l\u00edder de La Libertad Avanza, Javier Milei, y a la candidata de Juntos por el Cambio, Patricia Bullrich, quienes tambi\u00e9n participaron del encuentro.<\/p>\n\n\n\n<p>\u00abEsta idea de libre mercados destruye a las empresas. \u00bfQu\u00e9 pasar\u00eda con nuestra industria farmac\u00e9utica si dej\u00e1ramos que ingresen el medicamento de la India. O por qu\u00e9 no le preguntan qu\u00e9 les pas\u00f3 a los empresarios de Ecuador\u00bb con la dolarizaci\u00f3n, inquiri\u00f3 Massa a los empresarios presentes en la sede de la C\u00e1mara Argentina de Comercio (CAC).<\/p>\n\n\n\n<p>Massa, quien arrib\u00f3 en las primeras horas de la tarde de ayer al pa\u00eds proveniente de Paraguay, tras su presencia el martes y mi\u00e9rcoles en Washington, donde se reuni\u00f3 con autoridades del FMI y la Casa Blanca, realiz\u00f3 su exposici\u00f3n en el marco de un encuentro especial, ya que el evento en s\u00ed se llev\u00f3 a cabo hasta el mediod\u00eda en el Hotel Alvear.<\/p>\n\n\n\n<p>Con el foco puesto en polemizar con Javier Milei, Massa advirti\u00f3 a los empresarios que \u00abrompiendo con China perdemos un mercado de US$ 15.000 millones, rompiendo con Brasil y el Mercosur, un mercado de US$ 12.000 millones, adem\u00e1s de que no se c\u00f3mo van a hacer para llevar adelante la actividad industrial sin importaci\u00f3n de bienes intermedios de esos pa\u00edses\u00bb.<\/p>\n\n\n\n<p>\u00abNo les pido que tomen partido por una fuerza pol\u00edtica, tomen partido por sus empresas. Les pido que a la hora de discutir el futuro del pa\u00eds, por lo menos hagan la cuenta del almacenero\u00bb, les dijo a los empresarios presentes.<\/p>\n\n\n\n<p>Massa tambi\u00e9n se refiri\u00f3 a las negociaciones con el Fondo Monetario Internacional (FMI) que permitieron llegar a un acuerdo alcanzado el mi\u00e9rcoles y que habilit\u00f3 un desembolso de US$ 7.500 millones .<\/p>\n\n\n\n<p>\u00abEstuvimos cuatro meses negociando. Nos ped\u00edan unificaci\u00f3n cambiaria y una devaluaci\u00f3n del 100%. Luego del 60 %. Yo me pregunto qu\u00e9 pasar\u00eda con (el valor de) sus industrias si se hac\u00eda esa devaluaci\u00f3n, y c\u00f3mo impactar\u00eda eso en la sociedad\u00bb, subray\u00f3 el ministro de Econom\u00eda.<\/p>\n\n\n\n<p>Adelant\u00f3 que con esos US$ 7.500 millones y la acumulaci\u00f3n de otros US$ 2.000 millones por compras de divisas del Banco Central, \u00abpermitir\u00e1n controlar conductas monop\u00f3licas u oligop\u00f3licas (de determinadas empresas) aprovechando al devaluaci\u00f3n que impuso el FMI\u00bb.<\/p>\n\n\n\n<p>En ese contexto, advirti\u00f3 que podr\u00eda \u00ababrir la importaci\u00f3n para generar la competencia y apostar a mercados m\u00e1s transparentes a la hora de analizar la econom\u00eda\u00bb,.<\/p>\n\n\n\n<p>El candidato a presidente de UxP tambi\u00e9n cuestion\u00f3 el rol del FMI al afirmar que \u00aben los \u00faltimos 60 d\u00edas dej\u00f3 de ser el prestamista de \u00faltima instancia\u00bb para convertirse \u00aben un acreedor privilegiado socorrido por operaciones de cr\u00e9dito bilateral de otros pa\u00edses\u00bb.<\/p>\n\n\n\n<p>En ese marco, Massa destac\u00f3 la celeridad de los pr\u00e9stamos \u00abpuente\u00bb que obtuvo el pa\u00eds durante julio y agosto con Qatar, China y el Bando de Desarrollo de Am\u00e9rica Latina &#8211; CAF, para saldar los vencimiento que la Argentina ten\u00eda con el FMI.<\/p>\n\n\n\n<p>De cara al futuro, Massa asegur\u00f3 que \u00aben 2024 auguramos un a\u00f1o muy distinto al actual\u00bb en el que habr\u00e1 \u00abentre US$ 30.000 o US$ 40.000 millones de super\u00e1vit comercial\u00bb.<\/p>\n\n\n\n<p>El crecimiento exportador estar\u00e1 apalancado por \u00abel crecimiento del sector minero, m\u00e1s litio, m\u00e1s cobre, m\u00e1s sector energ\u00e9tico\u00bb, m\u00e1s la recuperaci\u00f3n del agro, entre otros.<\/p>\n\n\n\n<p>En el evento estuvieron presentes el titular de la Uni\u00f3n Industrial Argentina, Daniel Funes de Rioja; el presidente la CAC, Natalio Grinman; el titular de la C\u00e1mara Argentina de la Construcci\u00f3n, Gustavo Weiss; y el CEO de la petrolera Vista, Miguel Galuccio, entre otros empresarios. <\/p>\n","protected":false},"excerpt":{"rendered":"<p>El ministro de Econom\u00eda y candidato a presidente por Uni\u00f3n por la Patria, Sergio Massa,&#8230;<\/p>\n","protected":false},"author":1,"featured_media":59656,"comment_status":"closed","ping_status":"closed","sticky":false,"template":"","format":"standard","meta":{"footnotes":""},"categories":[5],"tags":[],"class_list":["post-65137","post","type-post","status-publish","format-standard","has-post-thumbnail","hentry","category-el-pais"],"_links":{"self":[{"href":"https:\/\/conurbanodiario.com.ar\/index.php?rest_route=\/wp\/v2\/posts\/65137","targetHints":{"allow":["GET"]}}],"collection":[{"href":"https:\/\/conurbanodiario.com.ar\/index.php?rest_route=\/wp\/v2\/posts"}],"about":[{"href":"https:\/\/conurbanodiario.com.ar\/index.php?rest_route=\/wp\/v2\/types\/post"}],"author":[{"embeddable":true,"href":"https:\/\/conurbanodiario.com.ar\/index.php?rest_route=\/wp\/v2\/users\/1"}],"replies":[{"embeddable":true,"href":"https:\/\/conurbanodiario.com.ar\/index.php?rest_route=%2Fwp%2Fv2%2Fcomments&post=65137"}],"version-history":[{"count":2,"href":"https:\/\/conurbanodiario.com.ar\/index.php?rest_route=\/wp\/v2\/posts\/65137\/revisions"}],"predecessor-version":[{"id":65140,"href":"https:\/\/conurbanodiario.com.ar\/index.php?rest_route=\/wp\/v2\/posts\/65137\/revisions\/65140"}],"wp:featuredmedia":[{"embeddable":true,"href":"https:\/\/conurbanodiario.com.ar\/index.php?rest_route=\/wp\/v2\/media\/59656"}],"wp:attachment":[{"href":"https:\/\/conurbanodiario.com.ar\/index.php?rest_route=%2Fwp%2Fv2%2Fmedia&parent=65137"}],"wp:term":[{"taxonomy":"category","embeddable":true,"href":"https:\/\/conurbanodiario.com.ar\/index.php?rest_route=%2Fwp%2Fv2%2Fcategories&post=65137"},{"taxonomy":"post_tag","embeddable":true,"href":"https:\/\/conurbanodiario.com.ar\/index.php?rest_route=%2Fwp%2Fv2%2Ftags&post=65137"}],"curies":[{"name":"wp","href":"https:\/\/api.w.org\/{rel}","templated":true}]}}