{"id":65126,"date":"2023-08-25T01:07:00","date_gmt":"2023-08-25T04:07:00","guid":{"rendered":"https:\/\/conurbanodiario.com.ar\/?p=65126"},"modified":"2023-08-24T17:50:50","modified_gmt":"2023-08-24T20:50:50","slug":"reconocen-derecho-a-jubilarse-a-trabajadores-victimas-del-terrorismo-de-estado","status":"publish","type":"post","link":"https:\/\/conurbanodiario.com.ar\/?p=65126","title":{"rendered":"RECONOCEN DERECHO A JUBILARSE A TRABAJADORES V\u00cdCTIMAS DEL TERRORISMO DE ESTADO"},"content":{"rendered":"\n<p>El gobernador bonaerense, Axel Kicillof, reconoci\u00f3 el derecho a jubilarse de 19 trabajadores de Astillero R\u00edo Santiago (ARS) v\u00edctimas de la dictadura, y expres\u00f3 que ese beneficio se encuentra \u00aben el marco de las pol\u00edticas de Memoria, Verdad y Justicia\u00bb.<\/p>\n\n\n\n<p>Seg\u00fan precis\u00f3 un comunicado oficial, a esos trabajadores se les reconoce sus servicios con los aportes y contribuciones correspondientes, que estar\u00e1n a cargo del ARS.<\/p>\n\n\n\n<p>El beneficio previsional surge a partir de la necesidad de adoptar medidas que subsanen el perjuicio sufrido por este grupo de trabajadores.<\/p>\n\n\n\n<p>\u00abEste es un reconocimiento que, en el marco de las pol\u00edticas de Memoria, Verdad y Justicia, viene a devolver el derecho previsional del que estaban injustamente privados\u00bb, sostuvo el gobernador.<\/p>\n\n\n\n<p>Kicillof, que en el acto reparatorio estuvo acompa\u00f1ado por la titular del Instituto de Previsi\u00f3n Social (IPS), Marina Moretti y el Ministro de trabajo Walter Correa, destac\u00f3 adem\u00e1s que \u00ablos trabajadores del Astillero representan las luchas por un modelo de pa\u00eds productivo\u00bb.<\/p>\n\n\n\n<p>Moretti remarc\u00f3 que \u00abes muy emocionante para todos nosotros poder ser parte de una pol\u00edtica de reparaci\u00f3n que nos permite terminar con hechos de una profunda injusticia\u00bb.<\/p>\n\n\n\n<p>La entrega de la Resoluci\u00f3n N\u00b0 8880 de la Caja de las y los trabajadores se hizo en el Sal\u00f3n de los Acuerdos y estuvieron presentes en el acto el Asesor General de Gobierno, Santiago P\u00e9rez Teruel; la ministra de Mujeres, Pol\u00edticas de G\u00e9nero y Diversidad Sexual, Estela D\u00edaz; el presidente del Astillero R\u00edo Santiago, Pedro Wasiejko y el secretario general de ATE Ensenada, Francisco Banegas. <\/p>\n","protected":false},"excerpt":{"rendered":"<p>El gobernador bonaerense, Axel Kicillof, reconoci\u00f3 el derecho a jubilarse de 19 trabajadores de Astillero&#8230;<\/p>\n","protected":false},"author":1,"featured_media":59656,"comment_status":"closed","ping_status":"closed","sticky":false,"template":"","format":"standard","meta":{"footnotes":""},"categories":[28],"tags":[],"class_list":["post-65126","post","type-post","status-publish","format-standard","has-post-thumbnail","hentry","category-la-provincia"],"_links":{"self":[{"href":"https:\/\/conurbanodiario.com.ar\/index.php?rest_route=\/wp\/v2\/posts\/65126","targetHints":{"allow":["GET"]}}],"collection":[{"href":"https:\/\/conurbanodiario.com.ar\/index.php?rest_route=\/wp\/v2\/posts"}],"about":[{"href":"https:\/\/conurbanodiario.com.ar\/index.php?rest_route=\/wp\/v2\/types\/post"}],"author":[{"embeddable":true,"href":"https:\/\/conurbanodiario.com.ar\/index.php?rest_route=\/wp\/v2\/users\/1"}],"replies":[{"embeddable":true,"href":"https:\/\/conurbanodiario.com.ar\/index.php?rest_route=%2Fwp%2Fv2%2Fcomments&post=65126"}],"version-history":[{"count":1,"href":"https:\/\/conurbanodiario.com.ar\/index.php?rest_route=\/wp\/v2\/posts\/65126\/revisions"}],"predecessor-version":[{"id":65128,"href":"https:\/\/conurbanodiario.com.ar\/index.php?rest_route=\/wp\/v2\/posts\/65126\/revisions\/65128"}],"wp:featuredmedia":[{"embeddable":true,"href":"https:\/\/conurbanodiario.com.ar\/index.php?rest_route=\/wp\/v2\/media\/59656"}],"wp:attachment":[{"href":"https:\/\/conurbanodiario.com.ar\/index.php?rest_route=%2Fwp%2Fv2%2Fmedia&parent=65126"}],"wp:term":[{"taxonomy":"category","embeddable":true,"href":"https:\/\/conurbanodiario.com.ar\/index.php?rest_route=%2Fwp%2Fv2%2Fcategories&post=65126"},{"taxonomy":"post_tag","embeddable":true,"href":"https:\/\/conurbanodiario.com.ar\/index.php?rest_route=%2Fwp%2Fv2%2Ftags&post=65126"}],"curies":[{"name":"wp","href":"https:\/\/api.w.org\/{rel}","templated":true}]}}