{"id":65123,"date":"2023-08-25T01:06:00","date_gmt":"2023-08-25T04:06:00","guid":{"rendered":"https:\/\/conurbanodiario.com.ar\/?p=65123"},"modified":"2023-08-25T05:31:11","modified_gmt":"2023-08-25T08:31:11","slug":"la-ep-n-36-y-el-colegio-nazareth-participaron-del-programa-estudiantes-al-hcd","status":"publish","type":"post","link":"https:\/\/conurbanodiario.com.ar\/?p=65123","title":{"rendered":"LA EP N\u00b0 36 Y EL COLEGIO NAZARETH PARTICIPARON DEL PROGRAMA &#8220;ESTUDIANTES AL HCD&#8221;"},"content":{"rendered":"\n<p>El presidente del Honorable Concejo Deliberante de Quilmes Fabio Baez, recibi\u00f3 ayer a dos escuelas del distrito que participaron del Programa \u201cEstudiantes al HCD\u201d.<\/p>\n\n\n\n<p>Acompa\u00f1ado por la secretaria Legislativa Edith Llanos, Fabio Baez dialog\u00f3 con los alumnos de 4\u00b0 Grado de la EP N\u00b0 36 Mariano Moreno de Quilmes Oeste, sobre seguridad; maltrato animal; bullying y educaci\u00f3n.&nbsp; En este sentido realizaron algunos pedidos&nbsp; y destacaron su preocupaci\u00f3n por los denominados \u201csaqueos\u201d acontecidos recientemente.<\/p>\n\n\n\n<p>Junto a los j\u00f3venes estuvieron presentes, la bibliotecaria Vanesa G\u00f3mez, &nbsp;la orientadora Alejandra Fern\u00e1ndez y la docente Alicia Peralta. Esta \u00faltima hizo referencia a la visita al Concejo Deliberante y expres\u00f3, \u201cHermoso,&nbsp; &nbsp;los chicos mismos me han comentado que fue una linda visita, &nbsp;que se entretuvieron y la verdad que nada que decir, impecable. Ven\u00edamos trabajando un poquito con ellos y ellos entendieron que hab\u00eda que plantear problem\u00e1ticas que nos afectan\u201d, subray\u00f3 Peralta.<\/p>\n\n\n\n<p><strong>Colegio Nazareth<\/strong><\/p>\n\n\n\n<p>En el caso del Colegio Nazareth, alumnos de 6\u00b0 Grado eligieron hablar sobre tracci\u00f3n a sangre; sem\u00e1foros cronometrados y para personas hipoac\u00fasicas; seguridad; refugios para animales de la calle; bicisendas y lugar de estacionamiento exclusivo para personas con discapacidad en la puerta del colegio, entre otros temas.<\/p>\n\n\n\n<p>\u201cNos encant\u00f3 la experiencia, &nbsp;la pasamos re bien,&nbsp; nos parece muy productivo y re lindo para los chicos. Ellos hablaron de seguridad,&nbsp; luminarias y espacios para las escuelas y&nbsp; animales.&nbsp; Lo estuvieron trabajando, fueron distintas propuestas que surgieron a trav\u00e9s de la necesidad de lo que ven en sus casas, sus barrios o en la escuela y &nbsp;hoy vinieron con todo el material preparado para poder ampliar y hablar ac\u00e1\u201d, dijo Lorena Rivarola, vicedirectora del establecimiento educativo, que acompa\u00f1\u00f3 a los j\u00f3venes junto a la profesora de Matem\u00e1ticas Norma Bielli y a la profesora de Educaci\u00f3n F\u00edsica Brenda Paci.<\/p>\n\n\n\n<p>Cabe destacar que muchos de los proyectos e inquietudes que acercan los estudiantes al Concejo Deliberante a trav\u00e9s de este Programa, se transforman en proyectos que son tratados por los concejales en el recinto.<\/p>\n","protected":false},"excerpt":{"rendered":"<p>El presidente del Honorable Concejo Deliberante de Quilmes Fabio Baez, recibi\u00f3 ayer a dos escuelas&#8230;<\/p>\n","protected":false},"author":1,"featured_media":59656,"comment_status":"closed","ping_status":"closed","sticky":false,"template":"","format":"standard","meta":{"footnotes":""},"categories":[27],"tags":[],"class_list":["post-65123","post","type-post","status-publish","format-standard","has-post-thumbnail","hentry","category-educacion"],"_links":{"self":[{"href":"https:\/\/conurbanodiario.com.ar\/index.php?rest_route=\/wp\/v2\/posts\/65123","targetHints":{"allow":["GET"]}}],"collection":[{"href":"https:\/\/conurbanodiario.com.ar\/index.php?rest_route=\/wp\/v2\/posts"}],"about":[{"href":"https:\/\/conurbanodiario.com.ar\/index.php?rest_route=\/wp\/v2\/types\/post"}],"author":[{"embeddable":true,"href":"https:\/\/conurbanodiario.com.ar\/index.php?rest_route=\/wp\/v2\/users\/1"}],"replies":[{"embeddable":true,"href":"https:\/\/conurbanodiario.com.ar\/index.php?rest_route=%2Fwp%2Fv2%2Fcomments&post=65123"}],"version-history":[{"count":2,"href":"https:\/\/conurbanodiario.com.ar\/index.php?rest_route=\/wp\/v2\/posts\/65123\/revisions"}],"predecessor-version":[{"id":65175,"href":"https:\/\/conurbanodiario.com.ar\/index.php?rest_route=\/wp\/v2\/posts\/65123\/revisions\/65175"}],"wp:featuredmedia":[{"embeddable":true,"href":"https:\/\/conurbanodiario.com.ar\/index.php?rest_route=\/wp\/v2\/media\/59656"}],"wp:attachment":[{"href":"https:\/\/conurbanodiario.com.ar\/index.php?rest_route=%2Fwp%2Fv2%2Fmedia&parent=65123"}],"wp:term":[{"taxonomy":"category","embeddable":true,"href":"https:\/\/conurbanodiario.com.ar\/index.php?rest_route=%2Fwp%2Fv2%2Fcategories&post=65123"},{"taxonomy":"post_tag","embeddable":true,"href":"https:\/\/conurbanodiario.com.ar\/index.php?rest_route=%2Fwp%2Fv2%2Ftags&post=65123"}],"curies":[{"name":"wp","href":"https:\/\/api.w.org\/{rel}","templated":true}]}}