{"id":65088,"date":"2023-08-25T01:08:00","date_gmt":"2023-08-25T04:08:00","guid":{"rendered":"https:\/\/conurbanodiario.com.ar\/?p=65088"},"modified":"2023-08-24T15:12:08","modified_gmt":"2023-08-24T18:12:08","slug":"fernandez-dijo-que-massa-es-el-mejor-candidato-para-el-futuro-y-advirtio-sobre-riesgo-de-milei","status":"publish","type":"post","link":"https:\/\/conurbanodiario.com.ar\/?p=65088","title":{"rendered":"FERN\u00c1NDEZ DIJO QUE MASSA ES &#8220;EL MEJOR CANDIDATO PARA EL FUTURO&#8221; Y ADVIRTI\u00d3 SOBRE &#8220;RIESGO&#8221; DE MILEI"},"content":{"rendered":"\n<p>El presidente Alberto Fern\u00e1ndez afirm\u00f3 que Sergio Massa \u00abes el mejor candidato que tiene la Argentina para el futuro\u00bb, de cara a las elecciones de octubre, y consider\u00f3 que \u00abel mayor defensor de la casta\u00bb es el postulante de La Libertad Avanza (LLA) Javier Milei, con quien \u00abest\u00e1n en riesgo los derechos de los trabajadores y las minor\u00edas\u00bb.<\/p>\n\n\n\n<p>\u00abDecid\u00ed no ser candidato y apoyar a Sergio en lo que necesite. Estoy convencido de que Massa es el mejor candidato que tiene Argentina para el futuro\u00bb, dijo el Presidente en una entrevista que brind\u00f3 a radio Perfil en la que repas\u00f3 varios temas como el ingreso de Argentina a los Brics, los robos organizados que se registraron en los \u00faltimos d\u00faas y los resultados de las PASO del 13 de agosto.<\/p>\n\n\n\n<p>\u00abTengo que gobernar hasta el 10 de diciembre y hay temas pendientes que me obligaban a encerrarme a trabajar. Seguimos trabajando a full con todos los problemas que tenemos que enfrentar, tanto locales como internacionales\u00bb, indic\u00f3 el mandatario y agreg\u00f3: \u00abTuvimos que afrontar corridas cambiarias malintencionadas o especulativas. Me encerr\u00e9 en eso. Ese es mi rol y lo tengo que cumplir\u00bb.<\/p>\n\n\n\n<p>Sobre la performance de Milei en las primarias, en las que se convirti\u00f3 en el candidato m\u00e1s votado, el Presidente dijo tener la \u00absensaci\u00f3n de que mucha gente\u00a0no ha logrado encontrar satisfechas las necesidades que ten\u00eda\u00bb y por eso vot\u00f3 al candidato libertario.<\/p>\n\n\n\n<p>\u00abCon un discurso antisistema Milei logr\u00f3 captar a un&nbsp;tercio de la ciudadan\u00eda. La gente encontr\u00f3 en \u00e9l un lugar para expresar su malestar y eso lo entiendo\u00bb, evalu\u00f3.<\/p>\n\n\n\n<p>De todos modos, aclar\u00f3 que la \u00abmemoria&nbsp;colectiva est\u00e1 muy presente\u00bb en la sociedad porque recuerda la deuda con el Fondo Monetario Internacional (FMI) que dej\u00f3 el expresidente Mauricio Macri y los \u00abcandidatos\u00bb opositores -MIlei y la postulante de Juntos por el Cambio, Patricia Bullrich- \u00abson los dos mejores alumnos\u00bb.<\/p>\n\n\n\n<p>\u00abLa realidad de Macri est\u00e1 muy presente. El mi\u00e9rcoles la vimos con el Fondo c\u00f3mo nos condiciona, limita, c\u00f3mo afecta la prosperidad argentina\u00bb, reiter\u00f3 el Presidente.<\/p>\n\n\n\n<p>Asimismo,\u00a0insisti\u00f3 en el tema de la \u00abidea de la casta que quiere representar\u00bb Milei y consider\u00f3 que los votantes \u00abpor ah\u00ed\u00a0no advierten que el mayor\u00a0defensor de la casta es\u00bb justamente el postulante del candidato presidencial de La Libertad Avanza.<\/p>\n\n\n\n<p>Para Fern\u00e1ndez, cuando el candidato de LLA&nbsp;habla de \u00abdolarizar la econom\u00eda, de&nbsp;eliminar&nbsp;ministerios, de&nbsp;terminar con la obra p\u00fablica no se advierte que con esto est\u00e1 defendiendo los sectores de poder de la Argentina\u00bb.<\/p>\n\n\n\n<p>\u00abHoy en d\u00eda Macri es Milei y Milei es Macri\u00bb, insisti\u00f3, y record\u00f3 que el candidato de LLA&nbsp;dijo que si gana \u00ablo va tener a Macri como un embajador plenipotenciario\u00bb.<\/p>\n\n\n\n<p>\u00abHay una decepci\u00f3n&nbsp;en mucha gente que cree que se puede cambiar votando a un candidato antisistema sin medir las consecuencias\u00bb, advirti\u00f3 Fern\u00e1ndez en otro pasaje de la entrevista.<\/p>\n\n\n\n<p>\u00abHay muchas cosas en riesgo: est\u00e1 en riesgo la Argentina y los derechos que tardamos siglos en ganar; es realmente preocupante. Est\u00e1n en riesgo los derechos de las minor\u00edas, de los pueblos originarios, de las mujeres, la comunidad gay, los trabajadores y los que estudian en la universidad p\u00fablica, de los cient\u00edficos que fueron brutalmente agredidos\u00bb con dichos de Milei advirti\u00f3 el mandatario.<\/p>\n\n\n\n<p>Por otro lado, ratific\u00f3 que este viernes -tras el acuerdo alcanzado con el FMI- se estar\u00e1 anunciado un paquete de medidas para \u00abresolver el problema\u00a0de los\u00a0ingresos, que\u00a0se han afectado con devaluaci\u00f3n\u00bb, y cont\u00f3 que en las \u00faltimas horas mantuvo reuniones con Massa y con las ministras de Desarrollo Social, Victoria Tolosa Paz, y de Trabajo, Kelly Olmos para avanzar en ese sentido.<\/p>\n\n\n\n<p>\u00abNos reunimos para ordenar las cuentas y llevar adelante las medidas, que ser\u00e1n anunciadas\u00a0este viernes, para que puedan aflorar y dar alivio a los que han quedado en una situaci\u00f3n complicada\u00bb, indic\u00f3.<\/p>\n\n\n\n<p>Acerca de los candidatos opositores, insisti\u00f3 en que los que&nbsp;\u00abahora tienen la f\u00f3rmula\u00bb para bajar la inflaci\u00f3n \u00abnos dejaron el 54% de inflaci\u00f3n, por eso pido que tengamos memoria\u00bb.<\/p>\n\n\n\n<p>\u00abPrestemos&nbsp;atenci\u00f3n tambi\u00e9n a los que dicen &#8216;tengo un programa de shock&#8217; porque eso es un ajuste tremendo sobre la sociedad\u00bb, advirti\u00f3.<\/p>\n\n\n\n<p>En otro tramo de la entrevista, se refiri\u00f3 a su relaci\u00f3n con la vicepresidenta Cristina Fern\u00e1ndez de Kirchner: \u00abMe hubiera gustado tener un mejor entendimiento con Cristina, pero es parte de la historia\u00bb, dijo al respecto.<\/p>\n\n\n\n<p>\u00abLe tengo respeto y afecto, m\u00e1s all\u00e1 de las diferencias que tenemos. Es v\u00edctima de una persecuci\u00f3n imperdonable y trato de generar un v\u00ednculo de convivencia estable y duradero\u00bb, explic\u00f3 Fern\u00e1ndez.<\/p>\n\n\n\n<p>En la entrevista tambi\u00e9n asegur\u00f3 que existieron agitadores de los delitos organizados contra supermercados y comercios que \u00abaprovecharon el momento dif\u00edcil\u00bb y dijo que algunos de los ataques fueron \u00abcon fines de robos y otros con fines pol\u00edticos\u00bb.<\/p>\n\n\n\n<p>\u00abAlgunos agitaron eso aprovechando el momento dif\u00edcil, aprovechando el resultado electoral. Algunos con fines de robo y otros con fines pol\u00edticos\u00bb, dijo el Presidente y adelant\u00f3 que, gracias a trabajos de ciberinteligencia, se pudo detectar que \u00abmuchos de los detenidos ten\u00edan antecedentes penales\u00bb y opin\u00f3 que \u00abfue un impulso donde algunos aprovecharon el momento para generar desestabilizaci\u00f3n\u00bb.<\/p>\n\n\n\n<p>El Presidente tambi\u00e9n aprovech\u00f3 la entrevista para rechazar las declaraciones de Patricia Bullrich, quien asegur\u00f3 que, si llega a ganar las elecciones generales de octubre pr\u00f3ximo, su Gobierno no formar\u00e1 parte del bloque de pa\u00edses de los Brics, al que se anunci\u00f3 ayer formalmente el ingreso de la Argentina a partir del 1 de enero de 2024.<\/p>\n\n\n\n<p>\u00abOjal\u00e1 que no sea presidenta porque no entiende lo que est\u00e1 diciendo. El problema es cuando la pol\u00edtica exterior empieza a ideologizarse\u00bb, le respondi\u00f3 el Presidente a Bullrich.<\/p>\n\n\n\n<p>Es que m\u00e1s temprano, al disertar en el Consejo de las Am\u00e9ricas reunido en el hotel Alvear, Bullrich expres\u00f3: \u00abQuiero dejar una cosa muy clara: hemos expuesto nuestra posici\u00f3n contraria al ingreso a Brics\u00bb.<\/p>\n\n\n\n<p>\u00abHace unos minutos -continu\u00f3 Bullrich- el Presidente de la Naci\u00f3n, que est\u00e1 como todos sabemos en una situaci\u00f3n de enorme debilidad, y sin poder ejercer su cargo de mandatario, acaba de comprometer a la Argentina a la entrada a los Brics\u00bb. <\/p>\n","protected":false},"excerpt":{"rendered":"<p>El presidente Alberto Fern\u00e1ndez afirm\u00f3 que Sergio Massa \u00abes el mejor candidato que tiene la&#8230;<\/p>\n","protected":false},"author":1,"featured_media":59656,"comment_status":"closed","ping_status":"closed","sticky":false,"template":"","format":"standard","meta":{"footnotes":""},"categories":[5],"tags":[],"class_list":["post-65088","post","type-post","status-publish","format-standard","has-post-thumbnail","hentry","category-el-pais"],"_links":{"self":[{"href":"https:\/\/conurbanodiario.com.ar\/index.php?rest_route=\/wp\/v2\/posts\/65088","targetHints":{"allow":["GET"]}}],"collection":[{"href":"https:\/\/conurbanodiario.com.ar\/index.php?rest_route=\/wp\/v2\/posts"}],"about":[{"href":"https:\/\/conurbanodiario.com.ar\/index.php?rest_route=\/wp\/v2\/types\/post"}],"author":[{"embeddable":true,"href":"https:\/\/conurbanodiario.com.ar\/index.php?rest_route=\/wp\/v2\/users\/1"}],"replies":[{"embeddable":true,"href":"https:\/\/conurbanodiario.com.ar\/index.php?rest_route=%2Fwp%2Fv2%2Fcomments&post=65088"}],"version-history":[{"count":2,"href":"https:\/\/conurbanodiario.com.ar\/index.php?rest_route=\/wp\/v2\/posts\/65088\/revisions"}],"predecessor-version":[{"id":65091,"href":"https:\/\/conurbanodiario.com.ar\/index.php?rest_route=\/wp\/v2\/posts\/65088\/revisions\/65091"}],"wp:featuredmedia":[{"embeddable":true,"href":"https:\/\/conurbanodiario.com.ar\/index.php?rest_route=\/wp\/v2\/media\/59656"}],"wp:attachment":[{"href":"https:\/\/conurbanodiario.com.ar\/index.php?rest_route=%2Fwp%2Fv2%2Fmedia&parent=65088"}],"wp:term":[{"taxonomy":"category","embeddable":true,"href":"https:\/\/conurbanodiario.com.ar\/index.php?rest_route=%2Fwp%2Fv2%2Fcategories&post=65088"},{"taxonomy":"post_tag","embeddable":true,"href":"https:\/\/conurbanodiario.com.ar\/index.php?rest_route=%2Fwp%2Fv2%2Ftags&post=65088"}],"curies":[{"name":"wp","href":"https:\/\/api.w.org\/{rel}","templated":true}]}}