{"id":65082,"date":"2023-08-25T01:10:00","date_gmt":"2023-08-25T04:10:00","guid":{"rendered":"https:\/\/conurbanodiario.com.ar\/?p=65082"},"modified":"2023-08-24T14:24:59","modified_gmt":"2023-08-24T17:24:59","slug":"crearan-establecimientos-educativos-nuevos-en-berazategui","status":"publish","type":"post","link":"https:\/\/conurbanodiario.com.ar\/?p=65082","title":{"rendered":"CREAR\u00c1N ESTABLECIMIENTOS EDUCATIVOS NUEVOS EN BERAZATEGUI"},"content":{"rendered":"\n<p id=\"geom_inter_1692897813416_82_63\"><strong>Se est\u00e1n construyendo una Escuela Primaria para el barrio San Marcos, as\u00ed como un edificio para la Secundaria N\u00b0 46, en el Centro Agr\u00edcola El Pato. Tambi\u00e9n, se crear\u00e1n un Centro Educativo de Formaci\u00f3n Profesional -el primero del distrito- en Bustillo, y un Polo Educativo compuesto por un Jard\u00edn de Infantes, una Primaria, una Secundaria, adem\u00e1s de un espacio deportivo y recreativo en el Barrio Once de El Pato.<\/strong><\/p>\n\n\n\n<p id=\"geom_inter_1692897813416_71_62\">Asimismo, se est\u00e1n ampliando los edificios de las T\u00e9cnicas 3 y 4, y de la Escuela de Formaci\u00f3n T\u00e9cnica.<\/p>\n\n\n\n<p>Al respecto, Fernando Cardozo -presidente del Consejo Escolar- informa: \u201cLas obras son acuerdos tripartitos; es decir, incluyen el aporte del Gobierno de la Naci\u00f3n -a trav\u00e9s del Fondo Educativo nacional- y de la Provincia de Buenos Aires -por el Programa Especial de Emergencia Educativa (PEED)-. Adem\u00e1s, hay una fuerte inversi\u00f3n local, a trav\u00e9s del Fondo Educativo Municipal\u201d.<\/p>\n\n\n\n<p>\u201cEl intendente Juan Jos\u00e9 Mussi prioriza la educaci\u00f3n p\u00fablica, impulsando la construcci\u00f3n de edificios nuevos y las refacciones en aquellos establecimientos que lo necesitan\u201d, concluye Cardozo.<\/p>\n\n\n\n<p id=\"geom_inter_1692897816403_38_69\">En 2023 se iniciaron 113 obras en 88 instituciones educativas de Berazategui, de las cuales 85 ya finalizaron, 27 est\u00e1n en ejecuci\u00f3n y una est\u00e1 por comenzar. Benefician a m\u00e1s de 33 mil alumnos y alumnas. Incluyen ampliaciones edilicias, instalaci\u00f3n de equipos de aire acondicionado, refacci\u00f3n de sanitarios, recambio de cubiertas y adecuaci\u00f3n de las redes de electricidad y gas.<\/p>\n\n\n\n<p id=\"geom_inter_1692897816404_8_71\">Se puede consultar m\u00e1s informaci\u00f3n sobre las obras, en&nbsp;<a href=\"http:\/\/berazategui.gob.ar\/obrasenescuelas\" target=\"_blank\" rel=\"noreferrer noopener\">berazategui.gob.ar\/obrasenescuelas<\/a>.<\/p>\n","protected":false},"excerpt":{"rendered":"<p>Se est\u00e1n construyendo una Escuela Primaria para el barrio San Marcos, as\u00ed como un edificio&#8230;<\/p>\n","protected":false},"author":1,"featured_media":59656,"comment_status":"closed","ping_status":"closed","sticky":false,"template":"","format":"standard","meta":{"footnotes":""},"categories":[27],"tags":[],"class_list":["post-65082","post","type-post","status-publish","format-standard","has-post-thumbnail","hentry","category-educacion"],"_links":{"self":[{"href":"https:\/\/conurbanodiario.com.ar\/index.php?rest_route=\/wp\/v2\/posts\/65082","targetHints":{"allow":["GET"]}}],"collection":[{"href":"https:\/\/conurbanodiario.com.ar\/index.php?rest_route=\/wp\/v2\/posts"}],"about":[{"href":"https:\/\/conurbanodiario.com.ar\/index.php?rest_route=\/wp\/v2\/types\/post"}],"author":[{"embeddable":true,"href":"https:\/\/conurbanodiario.com.ar\/index.php?rest_route=\/wp\/v2\/users\/1"}],"replies":[{"embeddable":true,"href":"https:\/\/conurbanodiario.com.ar\/index.php?rest_route=%2Fwp%2Fv2%2Fcomments&post=65082"}],"version-history":[{"count":1,"href":"https:\/\/conurbanodiario.com.ar\/index.php?rest_route=\/wp\/v2\/posts\/65082\/revisions"}],"predecessor-version":[{"id":65084,"href":"https:\/\/conurbanodiario.com.ar\/index.php?rest_route=\/wp\/v2\/posts\/65082\/revisions\/65084"}],"wp:featuredmedia":[{"embeddable":true,"href":"https:\/\/conurbanodiario.com.ar\/index.php?rest_route=\/wp\/v2\/media\/59656"}],"wp:attachment":[{"href":"https:\/\/conurbanodiario.com.ar\/index.php?rest_route=%2Fwp%2Fv2%2Fmedia&parent=65082"}],"wp:term":[{"taxonomy":"category","embeddable":true,"href":"https:\/\/conurbanodiario.com.ar\/index.php?rest_route=%2Fwp%2Fv2%2Fcategories&post=65082"},{"taxonomy":"post_tag","embeddable":true,"href":"https:\/\/conurbanodiario.com.ar\/index.php?rest_route=%2Fwp%2Fv2%2Ftags&post=65082"}],"curies":[{"name":"wp","href":"https:\/\/api.w.org\/{rel}","templated":true}]}}