{"id":6507,"date":"2020-07-22T16:13:38","date_gmt":"2020-07-22T19:13:38","guid":{"rendered":"http:\/\/conurbanodiario.com.ar\/?p=6507"},"modified":"2020-07-22T16:13:38","modified_gmt":"2020-07-22T19:13:38","slug":"el-secretario-de-energia-analizo-con-intendentes-la-situacion-por-cortes-de-edesur","status":"publish","type":"post","link":"https:\/\/conurbanodiario.com.ar\/?p=6507","title":{"rendered":"EL SECRETARIO DE ENERG\u00cdA ANALIZ\u00d3 CON INTENDENTES LA SITUACI\u00d3N POR CORTES DE EDESUR"},"content":{"rendered":"\n<p>El secretario de Energ\u00eda de la Naci\u00f3n, Sergio Lanziani, se reuni\u00f3 este mi\u00e9rcoles por videoconferencia con un grupo de intendentes bonaerenses, para analizar la evoluci\u00f3n de las inversiones en materia energ\u00e9tica y los reclamos por los recurrentes cortes en el servicio de la empresa Edesur en vastas zonas del sur del cornubano.<\/p>\n\n\n\n<p>El reclamo de los intendentes se encuentra en l\u00ednea con el pedido de la Defensor\u00eda del Pueblo bonaerense para que las autoridades tomen \u00abdr\u00e1sticas medidas\u00bb con la empresa de distribuci\u00f3n de energ\u00eda el\u00e9ctrica, ante lo que considera falta de inversi\u00f3n que genera permanentes interrupciones del servicio.<\/p>\n\n\n\n<p>Adem\u00e1s de Lanziani, participaron del encuentro con los jefes comunales el subsecretario de Energ\u00eda de la Naci\u00f3n, Osvaldo Arr\u00faa, y el subsecretario de Energ\u00eda provincial, Gast\u00f3n Ghioni, junto con el presidente de la C\u00e1mara de Diputados bonaerense, Federico Oterm\u00edn.<\/p>\n\n\n\n<p>Por parte de los intendentes, formaron parte de la reuni\u00f3n Fernando Gray (Esteban Echeverr\u00eda), Mariano Cascallares (Almirante Brown), Jorge Ferraresi (Avellaneda), Juan Jos\u00e9 Mussi (Berazategui), Marisa Fassi (Ca\u00f1uelas), Mario Secco (Ensenada), Andr\u00e9s Watson (Florencio Varela), Mart\u00edn Insaurralde (Lomas de Zamora), Mayra Mendoza (Quilmes) y Nicol\u00e1s Mantegazza (San Vicente).<\/p>\n\n\n\n<p>La ronda de reuniones para analizar el futuro de Edesur continuar\u00e1 hoy con un encuentro entre el ministro de Desarrollo Productivo, Mat\u00edas Kulfas, y los intendentes de la tercera secci\u00f3n electoral de la provincia de Buenos Aires, seg\u00fan se inform\u00f3 oficialmente.<\/p>\n\n\n\n<p>Por parte de los intendentes, formaron parte de la reuni\u00f3n Fernando Gray (Esteban Echeverr\u00eda), Mariano Cascallares (Almirante Brown), Jorge Ferraresi (Avellaneda), Juan Jos\u00e9 Mussi (Berazategui), Marisa Fassi (Ca\u00f1uelas), Mario Secco (Ensenada), Andr\u00e9s Watson (Florencio Varela), Mart\u00edn Insaurralde (Lomas de Zamora), Mayra Mendoza (Quilmes) y Nicol\u00e1s Mantegazza (San Vicente).<\/p>\n\n\n\n<p>La ronda de reuniones para analizar el futuro de Edesur continuar\u00e1 hoy con un encuentro entre el ministro de Desarrollo Productivo, Mat\u00edas Kulfas, y los intendentes de la tercera secci\u00f3n electoral de la provincia de Buenos Aires, seg\u00fan se inform\u00f3 oficialmente.<\/p>\n","protected":false},"excerpt":{"rendered":"<p>El secretario de Energ\u00eda de la Naci\u00f3n, Sergio Lanziani, se reuni\u00f3 este mi\u00e9rcoles por videoconferencia&#8230;<\/p>\n","protected":false},"author":1,"featured_media":59656,"comment_status":"open","ping_status":"open","sticky":false,"template":"","format":"standard","meta":{"footnotes":""},"categories":[28],"tags":[],"class_list":["post-6507","post","type-post","status-publish","format-standard","has-post-thumbnail","hentry","category-la-provincia"],"_links":{"self":[{"href":"https:\/\/conurbanodiario.com.ar\/index.php?rest_route=\/wp\/v2\/posts\/6507","targetHints":{"allow":["GET"]}}],"collection":[{"href":"https:\/\/conurbanodiario.com.ar\/index.php?rest_route=\/wp\/v2\/posts"}],"about":[{"href":"https:\/\/conurbanodiario.com.ar\/index.php?rest_route=\/wp\/v2\/types\/post"}],"author":[{"embeddable":true,"href":"https:\/\/conurbanodiario.com.ar\/index.php?rest_route=\/wp\/v2\/users\/1"}],"replies":[{"embeddable":true,"href":"https:\/\/conurbanodiario.com.ar\/index.php?rest_route=%2Fwp%2Fv2%2Fcomments&post=6507"}],"version-history":[{"count":1,"href":"https:\/\/conurbanodiario.com.ar\/index.php?rest_route=\/wp\/v2\/posts\/6507\/revisions"}],"predecessor-version":[{"id":6510,"href":"https:\/\/conurbanodiario.com.ar\/index.php?rest_route=\/wp\/v2\/posts\/6507\/revisions\/6510"}],"wp:featuredmedia":[{"embeddable":true,"href":"https:\/\/conurbanodiario.com.ar\/index.php?rest_route=\/wp\/v2\/media\/59656"}],"wp:attachment":[{"href":"https:\/\/conurbanodiario.com.ar\/index.php?rest_route=%2Fwp%2Fv2%2Fmedia&parent=6507"}],"wp:term":[{"taxonomy":"category","embeddable":true,"href":"https:\/\/conurbanodiario.com.ar\/index.php?rest_route=%2Fwp%2Fv2%2Fcategories&post=6507"},{"taxonomy":"post_tag","embeddable":true,"href":"https:\/\/conurbanodiario.com.ar\/index.php?rest_route=%2Fwp%2Fv2%2Ftags&post=6507"}],"curies":[{"name":"wp","href":"https:\/\/api.w.org\/{rel}","templated":true}]}}