{"id":6504,"date":"2020-07-22T15:57:15","date_gmt":"2020-07-22T18:57:15","guid":{"rendered":"http:\/\/conurbanodiario.com.ar\/?p=6504"},"modified":"2020-07-29T12:34:47","modified_gmt":"2020-07-29T15:34:47","slug":"no-justifico-la-accion-pero-la-entiendo-dijo-berni-sobre-el-jubilado-que-mato-a-un-ladron","status":"publish","type":"post","link":"https:\/\/conurbanodiario.com.ar\/?p=6504","title":{"rendered":"\u00abNO JUSTIFICO LA ACCI\u00d3N, PERO LA ENTIENDO\u00bb, DIJO BERNI SOBRE EL JUBILADO QUE MAT\u00d3 A UN LADR\u00d3N"},"content":{"rendered":"\n<p>El ministro de Seguridad bonaerense, Sergio Berni, asegur\u00f3 hoy que el herrero jubilado de 71 a\u00f1os que el s\u00e1bado mat\u00f3 a un ladr\u00f3n que ingres\u00f3 a robar a su casa del partido de Quilmes, \u00abno es un asesino\u00bb y que, si bien no justifica la acci\u00f3n de disparar contra el asaltante, lo entiende.<\/p>\n\n\n\n<p>\u00abNo justifico la acci\u00f3n pero s\u00ed la entiendo, como un ser humano\u00bb, dijo esta ma\u00f1ana el funcionario en una entrevista en \u00abArriba Argentinos\u00bb de canal 13, donde cont\u00f3 adem\u00e1s que ayer se reuni\u00f3 con el jubilado Jorge Adolfo R\u00edos (71), y que vio \u00aba una persona totalmente abatida, totalmente destrozada por una situaci\u00f3n que no provoc\u00f3\u00bb.<\/p>\n\n\n\n<p>\u00abSe fue a dormir con la \u00fanica intenci\u00f3n de descansar, fue abordado por estos delincuentes, tuvo que luchar por su vida, en un cuerpo a cuerpo, literal, porque su relato es muy claro cuando dice que le quer\u00edan clavar un destornillador y c\u00f3mo se defendi\u00f3, y que forcejearon por la pistola\u00bb, agreg\u00f3 Berni.<\/p>\n\n\n\n<p>Adem\u00e1s, consider\u00f3 que en la investigaci\u00f3n deber\u00eda no s\u00f3lo analizarse \u00abel instituto legal de la leg\u00edtima defensa\u00bb sino \u00abel del nexo de causalidad en el derecho penal, que es la relaci\u00f3n que existe entre la causa y el efecto en lo que determina el hecho\u00bb.<\/p>\n\n\n\n<p>En ese sentido, dijo que uno de los delincuentes que asaltaron al hombre fue encarcelado en 2018 por un hecho de robo agravado y que \u00abhoy estaba en libertad\u00bb: \u00abMe pregunto si no hay una responsabilidad compartida con aquellos integrantes de la Justicia que de manera deliberada soltaron a un delincuente que tendr\u00eda que estar cumpliendo una condena\u00bb, sigui\u00f3.<\/p>\n\n\n\n<p>Si bien dijo que \u00e9l no es \u00abqui\u00e9n para decir si R\u00edos actu\u00f3 o no en leg\u00edtima defensa\u00bb, sostuvo que \u00abno puede ser que una persona que se fue a descansar termine en la c\u00e1rcel y los que tendr\u00edan que estar en la c\u00e1rcel est\u00e9n en libertad\u00bb.<\/p>\n\n\n\n<p>\u00abYo s\u00e9 que para muchos esto es una pelea que ya est\u00e1 perdida, yo no me doy por vencido, creo que en la vida no hay que hacer lo que se puede sino lo que se debe, y lo que se debe es que los delincuentes est\u00e9n presos y que la gente como R\u00edos est\u00e9 en libertad, en su casa, trabajando y generando producci\u00f3n para un pa\u00eds que tiene que ser grande\u00bb, dijo.<\/p>\n\n\n\n<p>En tanto, respecto a los asaltantes, coment\u00f3 que en el lugar se encontr\u00f3 \u00abun carnet de Quilmes\u00bb, que \u00abdos de ellos son integrantes de la villa La Vera\u00bb, una de las facciones de la barra brava de ese club, y que \u00abtodos los elementos que se secuestraron le dar\u00e1n la posibilidad al fiscal de investigar las relaciones y los nexos que tiene cada uno de los participantes, si es que existen, con el mundo de la pol\u00edtica\u00bb.<\/p>\n","protected":false},"excerpt":{"rendered":"<p>El ministro de Seguridad bonaerense, Sergio Berni, asegur\u00f3 hoy que el herrero jubilado de 71&#8230;<\/p>\n","protected":false},"author":1,"featured_media":59656,"comment_status":"open","ping_status":"open","sticky":false,"template":"","format":"standard","meta":{"footnotes":""},"categories":[10],"tags":[],"class_list":["post-6504","post","type-post","status-publish","format-standard","has-post-thumbnail","hentry","category-seguridad"],"_links":{"self":[{"href":"https:\/\/conurbanodiario.com.ar\/index.php?rest_route=\/wp\/v2\/posts\/6504","targetHints":{"allow":["GET"]}}],"collection":[{"href":"https:\/\/conurbanodiario.com.ar\/index.php?rest_route=\/wp\/v2\/posts"}],"about":[{"href":"https:\/\/conurbanodiario.com.ar\/index.php?rest_route=\/wp\/v2\/types\/post"}],"author":[{"embeddable":true,"href":"https:\/\/conurbanodiario.com.ar\/index.php?rest_route=\/wp\/v2\/users\/1"}],"replies":[{"embeddable":true,"href":"https:\/\/conurbanodiario.com.ar\/index.php?rest_route=%2Fwp%2Fv2%2Fcomments&post=6504"}],"version-history":[{"count":1,"href":"https:\/\/conurbanodiario.com.ar\/index.php?rest_route=\/wp\/v2\/posts\/6504\/revisions"}],"predecessor-version":[{"id":6506,"href":"https:\/\/conurbanodiario.com.ar\/index.php?rest_route=\/wp\/v2\/posts\/6504\/revisions\/6506"}],"wp:featuredmedia":[{"embeddable":true,"href":"https:\/\/conurbanodiario.com.ar\/index.php?rest_route=\/wp\/v2\/media\/59656"}],"wp:attachment":[{"href":"https:\/\/conurbanodiario.com.ar\/index.php?rest_route=%2Fwp%2Fv2%2Fmedia&parent=6504"}],"wp:term":[{"taxonomy":"category","embeddable":true,"href":"https:\/\/conurbanodiario.com.ar\/index.php?rest_route=%2Fwp%2Fv2%2Fcategories&post=6504"},{"taxonomy":"post_tag","embeddable":true,"href":"https:\/\/conurbanodiario.com.ar\/index.php?rest_route=%2Fwp%2Fv2%2Ftags&post=6504"}],"curies":[{"name":"wp","href":"https:\/\/api.w.org\/{rel}","templated":true}]}}