{"id":6497,"date":"2020-07-22T15:15:22","date_gmt":"2020-07-22T18:15:22","guid":{"rendered":"http:\/\/conurbanodiario.com.ar\/?p=6497"},"modified":"2020-07-22T15:31:42","modified_gmt":"2020-07-22T18:31:42","slug":"el-regreso-tendra-que-ser-progresivo-dijo-beccacece-sobre-la-vuelta-del-futbol","status":"publish","type":"post","link":"https:\/\/conurbanodiario.com.ar\/?p=6497","title":{"rendered":"\u00abEL REGRESO TENDR\u00c1 QUE SER PROGRESIVO\u00bb, DIJO BECCACECE SOBRE LA VUELTA DEL F\u00daTBOL"},"content":{"rendered":"\n<p>Sebasti\u00e1n Beccacece, entrenador de Racing, asegur\u00f3 que \u201cel regreso tendr\u00e1 que ser progresivo\u201d en referencia a la posibilidad de volver a los entrenamientos en el marco del receso obligatorio debido a la pandemia mundial del coronavirus.<\/p>\n\n\n\n<p>\u201cEs una situaci\u00f3n nueva y es dif\u00edcil saber qu\u00e9 va a suceder, pero el regreso tendr\u00e1 que ser progresivo y va a haber que llevar un camino\u201d, declar\u00f3 \u201cBecca\u201d este mi\u00e9rcoles en una conferencia de prensa virtual.<\/p>\n\n\n\n<p>\u201cNos vamos a tener que adaptar a la flexibilidad que conlleva la situaci\u00f3n que estamos viviendo\u201d, continu\u00f3 en la rueda de prensa difundida por Racing Play, la plataforma de contenidos virtuales de la instituci\u00f3n de Avellaneda.<\/p>\n\n\n\n<p>El t\u00e9cnico, de 39 a\u00f1os, tambi\u00e9n se refiri\u00f3 a la participaci\u00f3n de su equipo en la pr\u00f3xima edici\u00f3n de la Copa Libertadores y expres\u00f3 que la intenci\u00f3n es \u201cpelear por todo\u201d.<\/p>\n\n\n\n<p>\u201cBuscamos hacer a Racing un equipo copero. Queremos pelear por todo. Arrancamos bien y mostrando un buen f\u00fatbol\u201d, dijo sobre el m\u00e1ximo certamen sudamericano de clubes.<\/p>\n\n\n\n<p>Racing Club integra el Grupo F de la Libertadores junto con Nacional de Uruguay, Alianza Lima de Per\u00fa y Estudiantes de M\u00e9rida de Venezuela.<\/p>\n\n\n\n<p>El profesional rosarino sentenci\u00f3 al respecto que \u2018La Academia\u2019 corre con \u201cdesventaja\u201d respecto de sus rivales directos en el torneo continental, que ya comenzaron con los entrenamientos grupales.<\/p>\n\n\n\n<p>\u201cEs claro que hay una desventaja nuestra respecto a equipos que ya est\u00e1n entrenando. Podemos victimizarnos o aceptar lo que nos toca, ponernos fuertes y apelar a lo emocional\u201d, coment\u00f3.<\/p>\n\n\n\n<p>El ex ayudante del t\u00e9cnico Jorge Sampaolli habl\u00f3 sobre el mercado de pases de cara a la presente temporada y se mostr\u00f3 esperanzado por las gestiones que lleva adelante la secretar\u00eda t\u00e9cnica, encabezada por Diego Milito.<\/p>\n\n\n\n<p>\u201cEstamos en permanente contacto con (V\u00edctor) Blanco y (Diego) Milito. Si aparece una oportunidad en el mercado, intentaremos aprovecharla. Si no, estoy contento\u201d, sostuvo.<\/p>\n\n\n\n<p>\u201cRespecto al lateral derecho, si hay alg\u00fan jugador que pueda darnos alguna soluci\u00f3n, haremos el esfuerzo. No queremos a alguien que venga a rellenar, sino a reforzar. No es f\u00e1cil que jugadores que est\u00e1n en el extranjero quieran venir al pa\u00eds\u201d, explic\u00f3.<\/p>\n\n\n\n<p>El t\u00e9cnico de \u00faltimo paso por Independiente se refiri\u00f3 al mediocampista Augusto Solari, quien se recuper\u00f3 de la rotura del ligamento cruzado de la rodilla izquierda y qued\u00f3 a su disposici\u00f3n para cuando vuelva la actividad.<\/p>\n\n\n\n<p>\u201cEstamos muy felices con la vuelta de Solari porque es un chico comprometido y lo contamos como refuerzo. Ojal\u00e1 que podamos ver esa versi\u00f3n tan mejorada, como antes de la lesi\u00f3n. Puede jugar como interior o como volante externo\u201d, dijo.<\/p>\n\n\n\n<p>En la misma l\u00ednea opin\u00f3 sobre la continuidad del delantero Dar\u00edo Cvitanich, quien seguir\u00e1 en el conjunto de Avellaneda hasta diciembre de 2020.<\/p>\n\n\n\n<p>\u201cNos pone feliz que Cvitanich pueda seguir porque sabemos la capacidad futbol\u00edstica y el valor colectivo que nos da. Se tom\u00f3 la mejor decisi\u00f3n\u201d, expres\u00f3.<\/p>\n\n\n\n<p>\u201cBecca\u201d por \u00faltimo hizo menci\u00f3n al mediocampista ofensivo Ricardo Centuri\u00f3n qui\u00e9n sell\u00f3 su v\u00ednculo con V\u00e9lez Sarsfield.<\/p>\n\n\n\n<p>\u201cEl Presidente (V\u00edctor Blanco) fue contundente con la situaci\u00f3n de Centuri\u00f3n y lo mejor para Racing era una venta. Ante esta situaci\u00f3n, pedimos incorporar a un futbolista en ese puesto\u201d, concluy\u00f3 Beccacece.<\/p>\n","protected":false},"excerpt":{"rendered":"<p>Sebasti\u00e1n Beccacece, entrenador de Racing, asegur\u00f3 que \u201cel regreso tendr\u00e1 que ser progresivo\u201d en referencia&#8230;<\/p>\n","protected":false},"author":1,"featured_media":59656,"comment_status":"open","ping_status":"open","sticky":false,"template":"","format":"standard","meta":{"footnotes":""},"categories":[32],"tags":[],"class_list":["post-6497","post","type-post","status-publish","format-standard","has-post-thumbnail","hentry","category-deportes"],"_links":{"self":[{"href":"https:\/\/conurbanodiario.com.ar\/index.php?rest_route=\/wp\/v2\/posts\/6497","targetHints":{"allow":["GET"]}}],"collection":[{"href":"https:\/\/conurbanodiario.com.ar\/index.php?rest_route=\/wp\/v2\/posts"}],"about":[{"href":"https:\/\/conurbanodiario.com.ar\/index.php?rest_route=\/wp\/v2\/types\/post"}],"author":[{"embeddable":true,"href":"https:\/\/conurbanodiario.com.ar\/index.php?rest_route=\/wp\/v2\/users\/1"}],"replies":[{"embeddable":true,"href":"https:\/\/conurbanodiario.com.ar\/index.php?rest_route=%2Fwp%2Fv2%2Fcomments&post=6497"}],"version-history":[{"count":1,"href":"https:\/\/conurbanodiario.com.ar\/index.php?rest_route=\/wp\/v2\/posts\/6497\/revisions"}],"predecessor-version":[{"id":6499,"href":"https:\/\/conurbanodiario.com.ar\/index.php?rest_route=\/wp\/v2\/posts\/6497\/revisions\/6499"}],"wp:featuredmedia":[{"embeddable":true,"href":"https:\/\/conurbanodiario.com.ar\/index.php?rest_route=\/wp\/v2\/media\/59656"}],"wp:attachment":[{"href":"https:\/\/conurbanodiario.com.ar\/index.php?rest_route=%2Fwp%2Fv2%2Fmedia&parent=6497"}],"wp:term":[{"taxonomy":"category","embeddable":true,"href":"https:\/\/conurbanodiario.com.ar\/index.php?rest_route=%2Fwp%2Fv2%2Fcategories&post=6497"},{"taxonomy":"post_tag","embeddable":true,"href":"https:\/\/conurbanodiario.com.ar\/index.php?rest_route=%2Fwp%2Fv2%2Ftags&post=6497"}],"curies":[{"name":"wp","href":"https:\/\/api.w.org\/{rel}","templated":true}]}}