{"id":64947,"date":"2023-08-28T01:06:00","date_gmt":"2023-08-28T04:06:00","guid":{"rendered":"https:\/\/conurbanodiario.com.ar\/?p=64947"},"modified":"2023-08-27T23:59:52","modified_gmt":"2023-08-28T02:59:52","slug":"esta-semana-comienza-el-cronograma-de-pagos-a-jubilados-y-pensionados-del-ips","status":"publish","type":"post","link":"https:\/\/conurbanodiario.com.ar\/?p=64947","title":{"rendered":"ESTA SEMANA COMIENZA EL CRONOGRAMA DE PAGOS A JUBILADOS Y PENSIONADOS DEL IPS"},"content":{"rendered":"\n<p>El Instituto de Previsi\u00f3n Social (IPS) inform\u00f3 que las personas jubiladas y pensionadas de la provincia de Buenos Aires comenzar\u00e1n a percibir los haberes del mes de agosto a partir del pr\u00f3ximo mi\u00e9rcoles 30.<\/p>\n\n\n\n<p>As\u00ed, el mi\u00e9rcoles 30 de agosto cobrar\u00e1n los jubilados y pensionados con DNI terminados en 0, 1, 2 y 3; pas\u00f3 como los beneficiarios de pensiones sociales -no contributivas- con DNI terminados en 0, 1 , 2, 3, 4, 5, 6, 7, 8 y 9.<\/p>\n\n\n\n<p>En tanto, el jueves 31 de agosto percibir\u00e1n sus haberes las jubilaciones y pensiones con DNI terminados en 4, 5, 6 ,7, 8 y 9.<\/p>\n","protected":false},"excerpt":{"rendered":"<p>El Instituto de Previsi\u00f3n Social (IPS) inform\u00f3 que las personas jubiladas y pensionadas de la&#8230;<\/p>\n","protected":false},"author":1,"featured_media":59656,"comment_status":"closed","ping_status":"closed","sticky":false,"template":"","format":"standard","meta":{"footnotes":""},"categories":[28],"tags":[],"class_list":["post-64947","post","type-post","status-publish","format-standard","has-post-thumbnail","hentry","category-la-provincia"],"_links":{"self":[{"href":"https:\/\/conurbanodiario.com.ar\/index.php?rest_route=\/wp\/v2\/posts\/64947","targetHints":{"allow":["GET"]}}],"collection":[{"href":"https:\/\/conurbanodiario.com.ar\/index.php?rest_route=\/wp\/v2\/posts"}],"about":[{"href":"https:\/\/conurbanodiario.com.ar\/index.php?rest_route=\/wp\/v2\/types\/post"}],"author":[{"embeddable":true,"href":"https:\/\/conurbanodiario.com.ar\/index.php?rest_route=\/wp\/v2\/users\/1"}],"replies":[{"embeddable":true,"href":"https:\/\/conurbanodiario.com.ar\/index.php?rest_route=%2Fwp%2Fv2%2Fcomments&post=64947"}],"version-history":[{"count":1,"href":"https:\/\/conurbanodiario.com.ar\/index.php?rest_route=\/wp\/v2\/posts\/64947\/revisions"}],"predecessor-version":[{"id":64948,"href":"https:\/\/conurbanodiario.com.ar\/index.php?rest_route=\/wp\/v2\/posts\/64947\/revisions\/64948"}],"wp:featuredmedia":[{"embeddable":true,"href":"https:\/\/conurbanodiario.com.ar\/index.php?rest_route=\/wp\/v2\/media\/59656"}],"wp:attachment":[{"href":"https:\/\/conurbanodiario.com.ar\/index.php?rest_route=%2Fwp%2Fv2%2Fmedia&parent=64947"}],"wp:term":[{"taxonomy":"category","embeddable":true,"href":"https:\/\/conurbanodiario.com.ar\/index.php?rest_route=%2Fwp%2Fv2%2Fcategories&post=64947"},{"taxonomy":"post_tag","embeddable":true,"href":"https:\/\/conurbanodiario.com.ar\/index.php?rest_route=%2Fwp%2Fv2%2Ftags&post=64947"}],"curies":[{"name":"wp","href":"https:\/\/api.w.org\/{rel}","templated":true}]}}