{"id":64906,"date":"2023-08-22T01:00:00","date_gmt":"2023-08-22T04:00:00","guid":{"rendered":"https:\/\/conurbanodiario.com.ar\/?p=64906"},"modified":"2023-08-21T18:20:04","modified_gmt":"2023-08-21T21:20:04","slug":"en-racing-gago-podria-incluir-a-almendra-y-quintero-en-la-ida-ante-boca-por-la-libertadores","status":"publish","type":"post","link":"https:\/\/conurbanodiario.com.ar\/?p=64906","title":{"rendered":"EN RACING, GAGO PODR\u00cdA INCLUIR A ALMENDRA Y QUINTERO EN LA IDA ANTE BOCA POR LA LIBERTADORES"},"content":{"rendered":"\n<p>El entrenador de Racing Club, Fernando Gago, podr\u00eda incluir a los refuerzos Agust\u00edn Almendra y Juan Fernando Quintero en el encuentro del pr\u00f3ximo mi\u00e9rcoles ante Boca Juniors, por la ida de los cuartos de final de la Copa Libertadores de Am\u00e9rica.<\/p>\n\n\n\n<p>Gago le dio la titularidad a ambos jugadores en el partido del viernes pasado en el que la \u00abAcademia\u00bb empat\u00f3 1 a 1 frente a Uni\u00f3n, en Santa Fe, en su debut en la Copa de la Liga Profesional, para que sumen minutos en la cancha y as\u00ed ganar ritmo de juego.<\/p>\n\n\n\n<p>Almendra jug\u00f3 hasta los 17 minutos de la segunda etapa, cuando fue reemplazado por Agust\u00edn Ojeda, mientras que \u00abJuanfer\u00bb Quintero fue sustituido por Jonathan G\u00f3mez a los 26 minutos del complemento.<\/p>\n\n\n\n<p>El desempe\u00f1o de dos de los cinco refuerzos del plantel \u00abalbiceleste\u00bb ante el \u00abtatengue\u00bb fue aceptable y dej\u00f3 conforme al DT Gago, por lo que tienen chances de arrancar desde el inicio frente al \u00abXeneize\u00bb.<\/p>\n\n\n\n<p>Almendra, surgido en las divisiones juveniles de Boca Juniors, ocupar\u00e1 el lugar de Juan Ignacio Nardoni, quien no est\u00e1 disponible para el entrenador porque se recupera de un desgarro muscular, aunque tambi\u00e9n tiene chances Nicol\u00e1s Oroz en ese lugar de la cancha.<\/p>\n\n\n\n<p>Por el lado del jugador colombiano que jug\u00f3 en River Plate, pelea por un lugar en el once titular con Gabriel \u00abEl Demonio\u00bb Hauche en el ataque del equipo, que completar\u00e1n Maximiliano Romero -en lugar del lesionado Roger Mart\u00ednez- y Agust\u00edn \u00abTrapito\u00bb Ojeda.<\/p>\n\n\n\n<p>El centrodelantero Romero, resistido por parte de los hinchas \u00abalbicelestes\u00bb, reemplazar\u00e1 al colombiano Roger Mart\u00ednez, quien se perder\u00e1 al menos el primer partido de los cuartos de final contra el \u00abXeneize\u00bb por una distensi\u00f3n muscular.<\/p>\n\n\n\n<p>Mart\u00ednez, autor de un tanto en la goleada por 3 a 0 ante Atl\u00e9tico Nacional de Medell\u00edn por la fase previa de la Copa Libertadores, llegar\u00e1 con los tiempos justos de recuperaci\u00f3n para el encuentro de vuelta que se jugar\u00e1 el mi\u00e9rcoles 30 de agosto en el Cilindro de Avellaneda.<\/p>\n\n\n\n<p>La intenci\u00f3n de Gago es poder contar con Roger Mart\u00ednez para la revancha ante el conjunto que dirige el entrenador Jorge Almir\u00f3n.<\/p>\n\n\n\n<p>El t\u00e9cnico \u00abacad\u00e9mico\u00bb adem\u00e1s incluir\u00e1 a Gabriel Arias en el arco en reemplazo de Mat\u00edas Tagliamonte, titular ante Uni\u00f3n, ya que fue preservado ante los santafesinos para llegar en correctas condiciones f\u00edsicas para el duelo copero.<\/p>\n\n\n\n<p>En la l\u00ednea defensiva, Gago volver\u00e1 a contar con su cl\u00e1sica zaga central conformada por Leonardo Sigali y Gonzalo Piovi, quien no estuvo ante Uni\u00f3n porque tuvo que cumplir una fecha de suspensi\u00f3n tras la expulsi\u00f3n sufrida ante River Plate, en la \u00faltima jornada del pasado torneo de la Liga Profesional que coron\u00f3 al equipo \u00abmillonario\u00bb.<\/p>\n\n\n\n<p>El lateral izquierdo ser\u00e1 ocupado por Gabriel Rojas, mientras que en el costado derecho Tob\u00edas Rubio o Gast\u00f3n Martirena disputan por un lugar entre los titulares.<\/p>\n\n\n\n<p>En el mediocampo, el entrenador \u00abalbiceleste\u00bb podr\u00e1 contar con An\u00edbal Moreno, quien se perdi\u00f3 el debut en la Copa de la Liga para llegar descansado al choque contra Boca. A los costados de Moreno estar\u00e1n Oroz o Almendra y Jonathan G\u00f3mez.<\/p>\n\n\n\n<p>El once \u00abacad\u00e9mico\u00bb formar\u00eda con Gabriel Arias; Martirena o Rubio, Leonardo Sigali, Gonzalo Piovi y Gabriel Rojas; Agust\u00edn Almendra o Nicol\u00e1s Oroz, An\u00edbal Moreno y Jonathan G\u00f3mez; Agust\u00edn Ojeda, Maximiliano Romero y Gabriel Hauche o Juan Fernando Quintero.<\/p>\n\n\n\n<p>Racing Club visitar\u00e1 a Boca Juniors el pr\u00f3ximo mi\u00e9rcoles desde las 21 en La Bombonera, partido que contar\u00e1 con el arbitraje del brasile\u00f1o Wilton Sampaio y la transmisi\u00f3n de la se\u00f1al de cable Fox Sports.<\/p>\n\n\n\n<p>La revancha por los cuartos de final de la Copa Libertadores entre la \u00abAcademia\u00bb y el \u00abXeneize\u00bb se jugar\u00e1 en el Cilindro de Avellaneda el mi\u00e9rcoles 30 de agosto. <\/p>\n","protected":false},"excerpt":{"rendered":"<p>El entrenador de Racing Club, Fernando Gago, podr\u00eda incluir a los refuerzos Agust\u00edn Almendra y&#8230;<\/p>\n","protected":false},"author":1,"featured_media":59656,"comment_status":"closed","ping_status":"closed","sticky":false,"template":"","format":"standard","meta":{"footnotes":""},"categories":[1,32],"tags":[],"class_list":["post-64906","post","type-post","status-publish","format-standard","has-post-thumbnail","hentry","category-noticia-del-dia","category-deportes"],"_links":{"self":[{"href":"https:\/\/conurbanodiario.com.ar\/index.php?rest_route=\/wp\/v2\/posts\/64906","targetHints":{"allow":["GET"]}}],"collection":[{"href":"https:\/\/conurbanodiario.com.ar\/index.php?rest_route=\/wp\/v2\/posts"}],"about":[{"href":"https:\/\/conurbanodiario.com.ar\/index.php?rest_route=\/wp\/v2\/types\/post"}],"author":[{"embeddable":true,"href":"https:\/\/conurbanodiario.com.ar\/index.php?rest_route=\/wp\/v2\/users\/1"}],"replies":[{"embeddable":true,"href":"https:\/\/conurbanodiario.com.ar\/index.php?rest_route=%2Fwp%2Fv2%2Fcomments&post=64906"}],"version-history":[{"count":1,"href":"https:\/\/conurbanodiario.com.ar\/index.php?rest_route=\/wp\/v2\/posts\/64906\/revisions"}],"predecessor-version":[{"id":64908,"href":"https:\/\/conurbanodiario.com.ar\/index.php?rest_route=\/wp\/v2\/posts\/64906\/revisions\/64908"}],"wp:featuredmedia":[{"embeddable":true,"href":"https:\/\/conurbanodiario.com.ar\/index.php?rest_route=\/wp\/v2\/media\/59656"}],"wp:attachment":[{"href":"https:\/\/conurbanodiario.com.ar\/index.php?rest_route=%2Fwp%2Fv2%2Fmedia&parent=64906"}],"wp:term":[{"taxonomy":"category","embeddable":true,"href":"https:\/\/conurbanodiario.com.ar\/index.php?rest_route=%2Fwp%2Fv2%2Fcategories&post=64906"},{"taxonomy":"post_tag","embeddable":true,"href":"https:\/\/conurbanodiario.com.ar\/index.php?rest_route=%2Fwp%2Fv2%2Ftags&post=64906"}],"curies":[{"name":"wp","href":"https:\/\/api.w.org\/{rel}","templated":true}]}}