{"id":64887,"date":"2023-08-22T01:01:00","date_gmt":"2023-08-22T04:01:00","guid":{"rendered":"https:\/\/conurbanodiario.com.ar\/?p=64887"},"modified":"2023-08-21T18:04:07","modified_gmt":"2023-08-21T21:04:07","slug":"esta-semana-se-terminarian-de-formalizar-los-acuerdos-de-precios","status":"publish","type":"post","link":"https:\/\/conurbanodiario.com.ar\/?p=64887","title":{"rendered":"ESTA SEMANA SE TERMINAR\u00cdAN DE FORMALIZAR LOS ACUERDOS DE PRECIOS"},"content":{"rendered":"\n<p>El Ministerio de Econom\u00eda terminar\u00e1 de formalizar en estos d\u00edas los acuerdos de precios anunciados la semana pasada, que entre sus principales caracter\u00edsticas contempla ajustes del 5% mensual para 52.300 productos por 90 d\u00edas y el congelamiento de los valores de venta de los combustibles l\u00edquidos y medicamentos hasta el 31 de octubre.<\/p>\n\n\n\n<p>El paquete de medidas fue dispuesto en una serie de encuentros con representantes de las c\u00e1maras empresarias sectoriales, luego de las remarcaciones de precios en diferentes productos de consumo masivo realizadas a partir del incremento del d\u00f3lar oficial y la suba de los financieros y paralelos entre el lunes 14 y el mi\u00e9rcoles 16 de agosto.<\/p>\n\n\n\n<p>El viernes 18, el ministro de Econom\u00eda y candidato presidencial de Uni\u00f3n por la Patria (UxP), Sergio Massa, anunci\u00f3 el cierre de un acuerdo de precios con supermercados y mayoristas para 52.300 productos de consumo masivo, con aumentos escalonados del 5% mensual por los pr\u00f3ximos 90 d\u00edas, cuyo listado se prev\u00e9 difundir a partir de este martes.<\/p>\n\n\n\n<p>El mismo d\u00eda, se dio a conocer el acuerdo con laboratorios nacionales y cooperativos para que \u00abno haya m\u00e1s aumentos de medicamentos hasta el 31 de octubre\u00bb, por el que \u00abel Estado cede parte de impuestos y las empresas ceden parte de su rentabilidad\u00bb, de acuerdo con lo informado por Massa.<\/p>\n\n\n\n<p>El d\u00eda anterior, se sell\u00f3 un acuerdo similar con los combustibles, luego de la suba implementada previamente por las compa\u00f1\u00edas del 12,5%.<\/p>\n\n\n\n<p>\u00abEntramos en un sendero en el cual no habr\u00e1 m\u00e1s incrementos de combustibles, producto de una decisi\u00f3n en la cual el impacto de la devaluaci\u00f3n la termina asumiendo el consumidor, una parte las empresas y una parte el Estado que va a resignar parte de los recursos que pagan las empresas\u00bb, explic\u00f3 Massa al respecto.<\/p>\n\n\n\n<p>El mismo jueves 17 se formaliz\u00f3, por medio de la publicaci\u00f3n en el Bolet\u00edn Oficial de la correspondiente resoluci\u00f3n, la creaci\u00f3n de la Unidad de Negociaci\u00f3n de Acuerdos de Precios, para evaluar y acordar los compromisos de precios de bienes a ser suscriptos mediante convenios con empresas proveedoras y supermercados mayoristas y minoristas.<\/p>\n\n\n\n<p>El ente tiene como coordinador al director general de Aduanas, Guillermo Michel, y tambi\u00e9n cuenta con la participaci\u00f3n de los secretarios de Comercio, Mat\u00edas Tombolini, y de Pol\u00edtica Econ\u00f3mica, Gabriel Rubinstein.<\/p>\n\n\n\n<p>El acuerdo con 31 cadenas de supermercados y mayoristas incluye beneficios fiscales para las empresas que adhirieron y un esquema de cr\u00e9ditos a tasas subsidiadas para las pymes proveedoras, a los efectos de garantizar el sendero de aumentos para los productos incluidos.<\/p>\n\n\n\n<p>\u00abLe pedimos a la gente, porque dentro de los beneficios previstos para los pr\u00f3ximos d\u00edas hay beneficios impositivos pensados para aquellos que hagan compras en los mercados formales, que no caigan en el mercado informal\u00bb, expres\u00f3 el ministro de Econom\u00eda.<\/p>\n\n\n\n<p>Adem\u00e1s, se suma un programa de cr\u00e9ditos a tasa subsidiada para las pymes proveedoras de supermercados.<\/p>\n\n\n\n<p>De esta manera, el Estado resigna recaudaci\u00f3n para evitar que el incremento de los costos se traslade a precios, aclararon desde la cartera econ\u00f3mica.<\/p>\n\n\n\n<p>Las empresas que incrementen sus precios por encima del 5% ser\u00e1n sancionadas y se les quitar\u00e1n los beneficios fiscales, precisaron desde el Palacio de Hacienda, en tanto Massa advirti\u00f3 que \u00abaquellos que no lo cumplan se les har\u00e1 sentir todo el peso y rigor de la ley\u00bb.<\/p>\n","protected":false},"excerpt":{"rendered":"<p>El Ministerio de Econom\u00eda terminar\u00e1 de formalizar en estos d\u00edas los acuerdos de precios anunciados&#8230;<\/p>\n","protected":false},"author":1,"featured_media":59656,"comment_status":"closed","ping_status":"closed","sticky":false,"template":"","format":"standard","meta":{"footnotes":""},"categories":[1,5],"tags":[],"class_list":["post-64887","post","type-post","status-publish","format-standard","has-post-thumbnail","hentry","category-noticia-del-dia","category-el-pais"],"_links":{"self":[{"href":"https:\/\/conurbanodiario.com.ar\/index.php?rest_route=\/wp\/v2\/posts\/64887","targetHints":{"allow":["GET"]}}],"collection":[{"href":"https:\/\/conurbanodiario.com.ar\/index.php?rest_route=\/wp\/v2\/posts"}],"about":[{"href":"https:\/\/conurbanodiario.com.ar\/index.php?rest_route=\/wp\/v2\/types\/post"}],"author":[{"embeddable":true,"href":"https:\/\/conurbanodiario.com.ar\/index.php?rest_route=\/wp\/v2\/users\/1"}],"replies":[{"embeddable":true,"href":"https:\/\/conurbanodiario.com.ar\/index.php?rest_route=%2Fwp%2Fv2%2Fcomments&post=64887"}],"version-history":[{"count":2,"href":"https:\/\/conurbanodiario.com.ar\/index.php?rest_route=\/wp\/v2\/posts\/64887\/revisions"}],"predecessor-version":[{"id":64899,"href":"https:\/\/conurbanodiario.com.ar\/index.php?rest_route=\/wp\/v2\/posts\/64887\/revisions\/64899"}],"wp:featuredmedia":[{"embeddable":true,"href":"https:\/\/conurbanodiario.com.ar\/index.php?rest_route=\/wp\/v2\/media\/59656"}],"wp:attachment":[{"href":"https:\/\/conurbanodiario.com.ar\/index.php?rest_route=%2Fwp%2Fv2%2Fmedia&parent=64887"}],"wp:term":[{"taxonomy":"category","embeddable":true,"href":"https:\/\/conurbanodiario.com.ar\/index.php?rest_route=%2Fwp%2Fv2%2Fcategories&post=64887"},{"taxonomy":"post_tag","embeddable":true,"href":"https:\/\/conurbanodiario.com.ar\/index.php?rest_route=%2Fwp%2Fv2%2Ftags&post=64887"}],"curies":[{"name":"wp","href":"https:\/\/api.w.org\/{rel}","templated":true}]}}