{"id":64870,"date":"2023-08-21T01:01:00","date_gmt":"2023-08-21T04:01:00","guid":{"rendered":"https:\/\/conurbanodiario.com.ar\/?p=64870"},"modified":"2023-08-20T22:59:54","modified_gmt":"2023-08-21T01:59:54","slug":"ventas-minoristas-por-el-dia-de-las-infancias-bajaron-02-con-un-ticket-promedio-de-12-032","status":"publish","type":"post","link":"https:\/\/conurbanodiario.com.ar\/?p=64870","title":{"rendered":"VENTAS MINORISTAS POR EL D\u00cdA DE LAS INFANCIAS BAJARON 0,2% CON UN TICKET PROMEDIO DE $12.032"},"content":{"rendered":"\n<p>Las ventas minoristas asociadas al D\u00eda de las infancias cerraron este a\u00f1o con una leve baja de 0,2% y con un ticket promedio de $12.032 por productos, de acuerdo a un reporte elaborado por la Confederaci\u00f3n Argentina de la Mediana Empresa (CAME).<\/p>\n\n\n\n<p>Medidas en precios reales, de acuerdo a CAME las ventas minoristas bajaron 0,2% interanual en una semana marcada por \u201cremarcaciones generales que llegaron a superar el 30%\u201d, tras la devaluaci\u00f3n de alrededor del 20% registrada el lunes pasado.<\/p>\n\n\n\n<p>En esta oportunidad solo en dos de los rubros medidos las ventas registraron subas respecto de la misma fecha de 2022: Calzado y Marroquiner\u00eda (+6,5%), y Equipos de audio, video, celulares y accesorios (4,9%).<\/p>\n\n\n\n<p>Al momento de realizar un balance, desde CAME se\u00f1alaron que si bien \u00abno fue un gran a\u00f1o, estuvo acorde a las expectativas, dado el contexto\u201d.<\/p>\n\n\n\n<p>\u201cA pesar del resultado, el 64% de los negocios consultados se\u00f1al\u00f3 haber vendido igual o m\u00e1s de lo esperado\u201d, destacaron y explicaron que \u201cel feriado tur\u00edstico no contribuy\u00f3, porque la gente volc\u00f3 dinero a viajes y redujo la dimensi\u00f3n del obsequio se limit\u00f3 solo a hijos muy menores y de v\u00ednculo m\u00e1s cotidiano, cuando en otras ocasiones se incluyen sobrinos, nietos o hijos de amigos\u201d.<\/p>\n\n\n\n<p>De esta manera, el ticket de ventas promedi\u00f3 los $12.032 y los comercios relevados marcaron como caracter\u00edstica que la gente se orient\u00f3 a productos econ\u00f3micos.<\/p>\n\n\n\n<p>Este a\u00f1o, a diferencia de per\u00edodos precedentes, no abundaron las promociones de pagos en 6 o 12 cuotas.<\/p>\n\n\n\n<p>CAME detall\u00f3 que el informe fue realizado en base a datos aportados por 228 comercios minoristas de todo el pa\u00eds.<\/p>\n","protected":false},"excerpt":{"rendered":"<p>Las ventas minoristas asociadas al D\u00eda de las infancias cerraron este a\u00f1o con una leve&#8230;<\/p>\n","protected":false},"author":1,"featured_media":59656,"comment_status":"closed","ping_status":"closed","sticky":false,"template":"","format":"standard","meta":{"footnotes":""},"categories":[1,5],"tags":[],"class_list":["post-64870","post","type-post","status-publish","format-standard","has-post-thumbnail","hentry","category-noticia-del-dia","category-el-pais"],"_links":{"self":[{"href":"https:\/\/conurbanodiario.com.ar\/index.php?rest_route=\/wp\/v2\/posts\/64870","targetHints":{"allow":["GET"]}}],"collection":[{"href":"https:\/\/conurbanodiario.com.ar\/index.php?rest_route=\/wp\/v2\/posts"}],"about":[{"href":"https:\/\/conurbanodiario.com.ar\/index.php?rest_route=\/wp\/v2\/types\/post"}],"author":[{"embeddable":true,"href":"https:\/\/conurbanodiario.com.ar\/index.php?rest_route=\/wp\/v2\/users\/1"}],"replies":[{"embeddable":true,"href":"https:\/\/conurbanodiario.com.ar\/index.php?rest_route=%2Fwp%2Fv2%2Fcomments&post=64870"}],"version-history":[{"count":1,"href":"https:\/\/conurbanodiario.com.ar\/index.php?rest_route=\/wp\/v2\/posts\/64870\/revisions"}],"predecessor-version":[{"id":64872,"href":"https:\/\/conurbanodiario.com.ar\/index.php?rest_route=\/wp\/v2\/posts\/64870\/revisions\/64872"}],"wp:featuredmedia":[{"embeddable":true,"href":"https:\/\/conurbanodiario.com.ar\/index.php?rest_route=\/wp\/v2\/media\/59656"}],"wp:attachment":[{"href":"https:\/\/conurbanodiario.com.ar\/index.php?rest_route=%2Fwp%2Fv2%2Fmedia&parent=64870"}],"wp:term":[{"taxonomy":"category","embeddable":true,"href":"https:\/\/conurbanodiario.com.ar\/index.php?rest_route=%2Fwp%2Fv2%2Fcategories&post=64870"},{"taxonomy":"post_tag","embeddable":true,"href":"https:\/\/conurbanodiario.com.ar\/index.php?rest_route=%2Fwp%2Fv2%2Ftags&post=64870"}],"curies":[{"name":"wp","href":"https:\/\/api.w.org\/{rel}","templated":true}]}}