{"id":64867,"date":"2023-08-21T01:09:00","date_gmt":"2023-08-21T04:09:00","guid":{"rendered":"https:\/\/conurbanodiario.com.ar\/?p=64867"},"modified":"2023-08-20T22:32:18","modified_gmt":"2023-08-21T01:32:18","slug":"mataron-a-un-policia-de-la-ciudad-de-un-disparo-en-el-torax-en-un-intento-de-robo-en-isidro-casanova","status":"publish","type":"post","link":"https:\/\/conurbanodiario.com.ar\/?p=64867","title":{"rendered":"MATARON A UN POLIC\u00cdA DE LA CIUDAD DE UN DISPARO EN EL T\u00d3RAX EN UN INTENTO DE ROBO EN ISIDRO CASANOVA"},"content":{"rendered":"\n<p>Un polic\u00eda de la Ciudad de Buenos Aires fue asesinado ayer de al menos un disparo en el t\u00f3rax luego de un enfrentamiento con cinco delincuentes que lo interceptaron cuando ingresaba a una vivienda de la localidad bonaerense de Isidro Casanova, partido de La Matanza, informaron fuentes policiales y judiciales.<\/p>\n\n\n\n<p>Se trata del Oficial Primero Fabi\u00e1n Esteban Aguirre (34), quien fue sorprendido cerca de las 1930 por cuatro hombres y una mujer armados cuando ingresaba a un domicilio ubicado en la calle Germ\u00e1n Abdala al 4800 de la citada localidad del partido de La Matanza.<\/p>\n\n\n\n<p>Seg\u00fan indicaron las fuentes a T\u00e9lam, Aguirre, que se desempa\u00f1aba en la Comisar\u00eda Vecina 9B del barrio porte\u00f1o de Liniers y que se encontraba de franco de servicio, sac\u00f3 su arma y comenz\u00f3 un enfrentamiento armado con los asaltantes.<\/p>\n\n\n\n<p>Producto del tiroteo, el oficial primero recibi\u00f3 al menos un disparo en el t\u00f3rax, por lo que fue trasladado de urgencia por familiares al Hospital de Agudos Paroissien, de Isidro Casanova, donde ingres\u00f3 fallecido.<\/p>\n\n\n\n<p>En tanto, los delincuentes se dieron a la fuga por lo que eran intensamente buscados por efectivos de la Comisar\u00eda 2da. de Isidro Casanova.<\/p>\n\n\n\n<p>El fiscal Mat\u00edas Folino, a cargo de la Unidad Funcional de Instrucci\u00f3n (UFI) de Tem\u00e1tica de Homicidios de La Matanza, lleg\u00f3 hasta el lugar del crimen para ordenar las primeras medidas destinadas a establecer c\u00f3mo ocurrieron los hechos. <\/p>\n","protected":false},"excerpt":{"rendered":"<p>Un polic\u00eda de la Ciudad de Buenos Aires fue asesinado ayer de al menos un&#8230;<\/p>\n","protected":false},"author":1,"featured_media":59656,"comment_status":"closed","ping_status":"closed","sticky":false,"template":"","format":"standard","meta":{"footnotes":""},"categories":[10],"tags":[],"class_list":["post-64867","post","type-post","status-publish","format-standard","has-post-thumbnail","hentry","category-seguridad"],"_links":{"self":[{"href":"https:\/\/conurbanodiario.com.ar\/index.php?rest_route=\/wp\/v2\/posts\/64867","targetHints":{"allow":["GET"]}}],"collection":[{"href":"https:\/\/conurbanodiario.com.ar\/index.php?rest_route=\/wp\/v2\/posts"}],"about":[{"href":"https:\/\/conurbanodiario.com.ar\/index.php?rest_route=\/wp\/v2\/types\/post"}],"author":[{"embeddable":true,"href":"https:\/\/conurbanodiario.com.ar\/index.php?rest_route=\/wp\/v2\/users\/1"}],"replies":[{"embeddable":true,"href":"https:\/\/conurbanodiario.com.ar\/index.php?rest_route=%2Fwp%2Fv2%2Fcomments&post=64867"}],"version-history":[{"count":1,"href":"https:\/\/conurbanodiario.com.ar\/index.php?rest_route=\/wp\/v2\/posts\/64867\/revisions"}],"predecessor-version":[{"id":64869,"href":"https:\/\/conurbanodiario.com.ar\/index.php?rest_route=\/wp\/v2\/posts\/64867\/revisions\/64869"}],"wp:featuredmedia":[{"embeddable":true,"href":"https:\/\/conurbanodiario.com.ar\/index.php?rest_route=\/wp\/v2\/media\/59656"}],"wp:attachment":[{"href":"https:\/\/conurbanodiario.com.ar\/index.php?rest_route=%2Fwp%2Fv2%2Fmedia&parent=64867"}],"wp:term":[{"taxonomy":"category","embeddable":true,"href":"https:\/\/conurbanodiario.com.ar\/index.php?rest_route=%2Fwp%2Fv2%2Fcategories&post=64867"},{"taxonomy":"post_tag","embeddable":true,"href":"https:\/\/conurbanodiario.com.ar\/index.php?rest_route=%2Fwp%2Fv2%2Ftags&post=64867"}],"curies":[{"name":"wp","href":"https:\/\/api.w.org\/{rel}","templated":true}]}}