{"id":64856,"date":"2023-08-21T01:05:00","date_gmt":"2023-08-21T04:05:00","guid":{"rendered":"https:\/\/conurbanodiario.com.ar\/?p=64856"},"modified":"2023-08-19T23:30:58","modified_gmt":"2023-08-20T02:30:58","slug":"jornada-integral-de-salud-en-san-marcos","status":"publish","type":"post","link":"https:\/\/conurbanodiario.com.ar\/?p=64856","title":{"rendered":"JORNADA INTEGRAL DE SALUD EN SAN MARCOS"},"content":{"rendered":"\n<p><strong>Se realiz\u00f3 una Jornada Integral de Salud en la Sociedad de Fomento San Marcos. All\u00ed se brindaron servicios gratuitos de detecci\u00f3n de pacientes de riesgo, toma de tensi\u00f3n arterial, peso, talla e \u00edndice de masa corporal. Tambi\u00e9n, hubo consejer\u00eda de alimentaci\u00f3n saludable y asesoramiento sobre salud sexual y reproductiva.<\/strong><\/p>\n\n\n\n<p>La Jornada fue organizada por la Municipalidad de Berazategui -a cargo del Dr. Juan Jos\u00e9 Mussi-, a trav\u00e9s de la Secretar\u00eda de Salud P\u00fablica e Higiene. Adem\u00e1s, hubo vacunaci\u00f3n de Calendario Nacional y contra el COVID-19, firma de libretas de la Asignaci\u00f3n Universal por Hijo, test r\u00e1pidos de VIH\/S\u00edfilis, capacitaciones en RCP y uso de DEA (Desfibrilador Externo Autom\u00e1tico), adem\u00e1s de stands de la Red de Salud Mental y de SEDRONAR.<\/p>\n\n\n\n<p>Mat\u00edas Pelozo -presidente de la Sociedad de Fomento San Marcos- expres\u00f3: \u201cEstamos muy contentos de haber tra\u00eddo esta jornada al barrio, ya que es primordial para la comunidad. Le agradezco a todo el equipo de Salud y al intendente Mussi por la iniciativa\u201d.<\/p>\n\n\n\n<p>En tanto, Alicia Ruiz, vecina de la zona, resalt\u00f3 \u201cla atenci\u00f3n de los enfermeros y m\u00e9dicos. Me brindaron remedios para algunos temas de salud, me hicieron chequeos, me pes\u00e9, me med\u00ed la glucemia y la presi\u00f3n. Me atendieron muy bien y me voy feliz\u201d.<\/p>\n\n\n\n<p>Para m\u00e1s informaci\u00f3n acerca de las pr\u00f3ximas jornadas de salud, ingresar en&nbsp;<a href=\"http:\/\/berazategui.gob.ar\/salud\" target=\"_blank\" rel=\"noreferrer noopener\">berazategui.gob.ar\/salud<\/a>.<\/p>\n","protected":false},"excerpt":{"rendered":"<p>Se realiz\u00f3 una Jornada Integral de Salud en la Sociedad de Fomento San Marcos. All\u00ed&#8230;<\/p>\n","protected":false},"author":1,"featured_media":59656,"comment_status":"closed","ping_status":"closed","sticky":false,"template":"","format":"standard","meta":{"footnotes":""},"categories":[31],"tags":[],"class_list":["post-64856","post","type-post","status-publish","format-standard","has-post-thumbnail","hentry","category-salud"],"_links":{"self":[{"href":"https:\/\/conurbanodiario.com.ar\/index.php?rest_route=\/wp\/v2\/posts\/64856","targetHints":{"allow":["GET"]}}],"collection":[{"href":"https:\/\/conurbanodiario.com.ar\/index.php?rest_route=\/wp\/v2\/posts"}],"about":[{"href":"https:\/\/conurbanodiario.com.ar\/index.php?rest_route=\/wp\/v2\/types\/post"}],"author":[{"embeddable":true,"href":"https:\/\/conurbanodiario.com.ar\/index.php?rest_route=\/wp\/v2\/users\/1"}],"replies":[{"embeddable":true,"href":"https:\/\/conurbanodiario.com.ar\/index.php?rest_route=%2Fwp%2Fv2%2Fcomments&post=64856"}],"version-history":[{"count":1,"href":"https:\/\/conurbanodiario.com.ar\/index.php?rest_route=\/wp\/v2\/posts\/64856\/revisions"}],"predecessor-version":[{"id":64858,"href":"https:\/\/conurbanodiario.com.ar\/index.php?rest_route=\/wp\/v2\/posts\/64856\/revisions\/64858"}],"wp:featuredmedia":[{"embeddable":true,"href":"https:\/\/conurbanodiario.com.ar\/index.php?rest_route=\/wp\/v2\/media\/59656"}],"wp:attachment":[{"href":"https:\/\/conurbanodiario.com.ar\/index.php?rest_route=%2Fwp%2Fv2%2Fmedia&parent=64856"}],"wp:term":[{"taxonomy":"category","embeddable":true,"href":"https:\/\/conurbanodiario.com.ar\/index.php?rest_route=%2Fwp%2Fv2%2Fcategories&post=64856"},{"taxonomy":"post_tag","embeddable":true,"href":"https:\/\/conurbanodiario.com.ar\/index.php?rest_route=%2Fwp%2Fv2%2Ftags&post=64856"}],"curies":[{"name":"wp","href":"https:\/\/api.w.org\/{rel}","templated":true}]}}