{"id":64777,"date":"2023-08-22T01:02:00","date_gmt":"2023-08-22T04:02:00","guid":{"rendered":"https:\/\/conurbanodiario.com.ar\/?p=64777"},"modified":"2023-08-19T12:13:15","modified_gmt":"2023-08-19T15:13:15","slug":"frutas-y-verduras-de-estacion-en-la-feria-agroecologica","status":"publish","type":"post","link":"https:\/\/conurbanodiario.com.ar\/?p=64777","title":{"rendered":"FRUTAS Y VERDURAS DE ESTACI\u00d3N EN LA FERIA AGROECOL\u00d3GICA"},"content":{"rendered":"\n<p>Contin\u00faa el impulso a los productores y productoras de Berazategui, a trav\u00e9s de la Feria Agroecol\u00f3gica. All\u00ed, los vecinos y las vecinas pueden acceder a verduras, hortalizas y frutas agroecol\u00f3gicas frescas, de estaci\u00f3n y sin agrot\u00f3xicos; cultivadas sin intervenci\u00f3n de fertilizantes, herbicidas, ni pesticidas qu\u00edmicos. Se realiza todos los mi\u00e9rcoles, de 9.00 a 13.00, en la Plaza Julia C. de Tiscornia, ubicada en la Av. 14 y 132. Se suspende en caso de lluvia.<\/p>\n\n\n\n<p>Adem\u00e1s, se ofrecen productos de almac\u00e9n de origen cooperativo, como shampoo y acondicionadores s\u00f3lidos, jabones, lociones corporales y pomadas hechas a base de hierbas medicinales.<\/p>\n\n\n\n<p>Blanca Ib\u00e1\u00f1ez, vecina del barrio El Progreso, asiste frecuentemente a la Feria y cuenta: \u201cMe encanta porque trae todos productos muy frescos y econ\u00f3micos. Adem\u00e1s, es un buen emprendimiento para la gente que trabaja ac\u00e1 y la atenci\u00f3n es muy agradable. Soy nueva en Berazategui, me mud\u00e9 recientemente y me gusta la iniciativa\u201d.<\/p>\n\n\n\n<p>La Feria Agroecol\u00f3gica -organizada en conjunto por la Secretar\u00eda de Trabajo municipal y la Uni\u00f3n de Trabajadores de la Tierra (UTT)- tiene como fin contribuir al desarrollo sustentable, generar conciencia ambiental y fomentar mejores h\u00e1bitos de alimentaci\u00f3n.<\/p>\n\n\n\n<p>Las productoras y los productores interesados en participar, organizados en Cooperativas, pueden llamar al Departamento de Desarrollo Agrario municipal al 4356-9200 (Int. 1178).<\/p>\n","protected":false},"excerpt":{"rendered":"<p>Contin\u00faa el impulso a los productores y productoras de Berazategui, a trav\u00e9s de la Feria&#8230;<\/p>\n","protected":false},"author":1,"featured_media":59656,"comment_status":"closed","ping_status":"closed","sticky":false,"template":"","format":"standard","meta":{"footnotes":""},"categories":[33,3],"tags":[],"class_list":["post-64777","post","type-post","status-publish","format-standard","has-post-thumbnail","hentry","category-destacados","category-informacion-general"],"_links":{"self":[{"href":"https:\/\/conurbanodiario.com.ar\/index.php?rest_route=\/wp\/v2\/posts\/64777","targetHints":{"allow":["GET"]}}],"collection":[{"href":"https:\/\/conurbanodiario.com.ar\/index.php?rest_route=\/wp\/v2\/posts"}],"about":[{"href":"https:\/\/conurbanodiario.com.ar\/index.php?rest_route=\/wp\/v2\/types\/post"}],"author":[{"embeddable":true,"href":"https:\/\/conurbanodiario.com.ar\/index.php?rest_route=\/wp\/v2\/users\/1"}],"replies":[{"embeddable":true,"href":"https:\/\/conurbanodiario.com.ar\/index.php?rest_route=%2Fwp%2Fv2%2Fcomments&post=64777"}],"version-history":[{"count":1,"href":"https:\/\/conurbanodiario.com.ar\/index.php?rest_route=\/wp\/v2\/posts\/64777\/revisions"}],"predecessor-version":[{"id":64779,"href":"https:\/\/conurbanodiario.com.ar\/index.php?rest_route=\/wp\/v2\/posts\/64777\/revisions\/64779"}],"wp:featuredmedia":[{"embeddable":true,"href":"https:\/\/conurbanodiario.com.ar\/index.php?rest_route=\/wp\/v2\/media\/59656"}],"wp:attachment":[{"href":"https:\/\/conurbanodiario.com.ar\/index.php?rest_route=%2Fwp%2Fv2%2Fmedia&parent=64777"}],"wp:term":[{"taxonomy":"category","embeddable":true,"href":"https:\/\/conurbanodiario.com.ar\/index.php?rest_route=%2Fwp%2Fv2%2Fcategories&post=64777"},{"taxonomy":"post_tag","embeddable":true,"href":"https:\/\/conurbanodiario.com.ar\/index.php?rest_route=%2Fwp%2Fv2%2Ftags&post=64777"}],"curies":[{"name":"wp","href":"https:\/\/api.w.org\/{rel}","templated":true}]}}