{"id":64774,"date":"2023-08-21T01:06:00","date_gmt":"2023-08-21T04:06:00","guid":{"rendered":"https:\/\/conurbanodiario.com.ar\/?p=64774"},"modified":"2023-08-19T13:42:40","modified_gmt":"2023-08-19T16:42:40","slug":"una-persona-murio-y-otras-tres-resultaron-heridas-tras-un-choque-y-vuelco-en-hudson","status":"publish","type":"post","link":"https:\/\/conurbanodiario.com.ar\/?p=64774","title":{"rendered":"UNA PERSONA MURI\u00d3 Y OTRAS TRES RESULTARON HERIDAS TRAS UN CHOQUE Y VUELCO EN HUDSON"},"content":{"rendered":"\n<p>Un hombre falleci\u00f3 y otras tres personas resultaron heridas en la ma\u00f1ana del s\u00e1bado en un choque y vuelco entre dos veh\u00edculos en la autopista Buenos Aires &#8211; La Plata, cerca de la localidad bonaerense de Hudson, informaron fuentes viales bonaerenses.<\/p>\n\n\n\n<p>El siniestro vial sucedi\u00f3 cerca de las 6.30 en el kil\u00f3metro 32 de la autopista Buenos Aires &#8211; La Plata, donde un auto choc\u00f3 la parte trasera del otro y tras despistarse, uno termin\u00f3 volcado y el otro en un zanj\u00f3n de agua, explicaron las fuentes.<\/p>\n\n\n\n<p>Como resultado del accidente, el conductor del auto volcado falleci\u00f3 en el acto mientras su acompa\u00f1ante, una mujer, y las otras dos personas sufrieron heridas y tuvieron que ser trasladadas a un centro asistencial de la zona.<\/p>\n\n\n\n<p>Ante el siniestro, intervino personal de seguridad vial de AubaSA, Polic\u00eda Federal y Bomberos locales.<\/p>\n\n\n\n<p>Foto: 0221.com.ar<\/p>\n","protected":false},"excerpt":{"rendered":"<p>Un hombre falleci\u00f3 y otras tres personas resultaron heridas en la ma\u00f1ana del s\u00e1bado en&#8230;<\/p>\n","protected":false},"author":1,"featured_media":59656,"comment_status":"closed","ping_status":"closed","sticky":false,"template":"","format":"standard","meta":{"footnotes":""},"categories":[3],"tags":[],"class_list":["post-64774","post","type-post","status-publish","format-standard","has-post-thumbnail","hentry","category-informacion-general"],"_links":{"self":[{"href":"https:\/\/conurbanodiario.com.ar\/index.php?rest_route=\/wp\/v2\/posts\/64774","targetHints":{"allow":["GET"]}}],"collection":[{"href":"https:\/\/conurbanodiario.com.ar\/index.php?rest_route=\/wp\/v2\/posts"}],"about":[{"href":"https:\/\/conurbanodiario.com.ar\/index.php?rest_route=\/wp\/v2\/types\/post"}],"author":[{"embeddable":true,"href":"https:\/\/conurbanodiario.com.ar\/index.php?rest_route=\/wp\/v2\/users\/1"}],"replies":[{"embeddable":true,"href":"https:\/\/conurbanodiario.com.ar\/index.php?rest_route=%2Fwp%2Fv2%2Fcomments&post=64774"}],"version-history":[{"count":1,"href":"https:\/\/conurbanodiario.com.ar\/index.php?rest_route=\/wp\/v2\/posts\/64774\/revisions"}],"predecessor-version":[{"id":64776,"href":"https:\/\/conurbanodiario.com.ar\/index.php?rest_route=\/wp\/v2\/posts\/64774\/revisions\/64776"}],"wp:featuredmedia":[{"embeddable":true,"href":"https:\/\/conurbanodiario.com.ar\/index.php?rest_route=\/wp\/v2\/media\/59656"}],"wp:attachment":[{"href":"https:\/\/conurbanodiario.com.ar\/index.php?rest_route=%2Fwp%2Fv2%2Fmedia&parent=64774"}],"wp:term":[{"taxonomy":"category","embeddable":true,"href":"https:\/\/conurbanodiario.com.ar\/index.php?rest_route=%2Fwp%2Fv2%2Fcategories&post=64774"},{"taxonomy":"post_tag","embeddable":true,"href":"https:\/\/conurbanodiario.com.ar\/index.php?rest_route=%2Fwp%2Fv2%2Ftags&post=64774"}],"curies":[{"name":"wp","href":"https:\/\/api.w.org\/{rel}","templated":true}]}}