{"id":64759,"date":"2023-08-21T01:08:00","date_gmt":"2023-08-21T04:08:00","guid":{"rendered":"http:\/\/conurbanodiario.com.ar\/?p=64759"},"modified":"2023-08-18T05:12:33","modified_gmt":"2023-08-18T08:12:33","slug":"los-jubilados-bonaerenses-cobraran-sus-haberes-con-aumento-a-fin-de-este-mes","status":"publish","type":"post","link":"https:\/\/conurbanodiario.com.ar\/?p=64759","title":{"rendered":"LOS JUBILADOS BONAERENSES COBRAR\u00c1N SUS HABERES CON AUMENTO A FIN DE ESTE MES"},"content":{"rendered":"\n<p>Los jubilados y pensionadas de la provincia de Buenos Aires percibir\u00e1n sus haberes de agosto a partir del 30 de agosto pr\u00f3ximo, con el incremento del 28,21 % dispuesto para las jubilaciones y pensiones m\u00ednimas y para los beneficios no contributivos, inform\u00f3 el Instituto de Previsi\u00f3n Social bonaerense.<\/p>\n\n\n\n<p>El aumento alcanzar\u00e1 a unas 12.677 jubilaciones y pensiones m\u00ednimas de la provincia que representan el 3.8% del total de beneficios que abona mensualmente el IPS.<\/p>\n\n\n\n<p>Con este aumento, se consolid\u00f3 una mejora del 120% en los haberes de ese universo durante el \u00faltimo a\u00f1o.<\/p>\n\n\n\n<p>Seg\u00fan precis\u00f3 el organismo previsional no es necesario realizar tr\u00e1mites para percibir el incremento.<\/p>\n\n\n\n<p>El IPS precis\u00f3 que el pr\u00f3ximo 30 de agosto se abonar\u00e1n las jubilaciones y pensiones con DNI terminados en 0, 1, 2 y 3.<\/p>\n\n\n\n<p>Tambi\u00e9n en esa jornada se pagar\u00e1n las pensiones sociales &#8211; no contributivas- con DNI terminados en 0, 1 , 2, 3, 4, 5, 6, 7, 8 y 9.<\/p>\n\n\n\n<p>En el 31 de agosto pr\u00f3ximo se abonar\u00e1n las jubilaciones y pensiones con DNI terminados en 4, 5, 6, 7, 8 y 9.<\/p>\n","protected":false},"excerpt":{"rendered":"<p>Los jubilados y pensionadas de la provincia de Buenos Aires percibir\u00e1n sus haberes de agosto&#8230;<\/p>\n","protected":false},"author":1,"featured_media":59656,"comment_status":"closed","ping_status":"closed","sticky":false,"template":"","format":"standard","meta":{"footnotes":""},"categories":[28],"tags":[],"class_list":["post-64759","post","type-post","status-publish","format-standard","has-post-thumbnail","hentry","category-la-provincia"],"_links":{"self":[{"href":"https:\/\/conurbanodiario.com.ar\/index.php?rest_route=\/wp\/v2\/posts\/64759","targetHints":{"allow":["GET"]}}],"collection":[{"href":"https:\/\/conurbanodiario.com.ar\/index.php?rest_route=\/wp\/v2\/posts"}],"about":[{"href":"https:\/\/conurbanodiario.com.ar\/index.php?rest_route=\/wp\/v2\/types\/post"}],"author":[{"embeddable":true,"href":"https:\/\/conurbanodiario.com.ar\/index.php?rest_route=\/wp\/v2\/users\/1"}],"replies":[{"embeddable":true,"href":"https:\/\/conurbanodiario.com.ar\/index.php?rest_route=%2Fwp%2Fv2%2Fcomments&post=64759"}],"version-history":[{"count":1,"href":"https:\/\/conurbanodiario.com.ar\/index.php?rest_route=\/wp\/v2\/posts\/64759\/revisions"}],"predecessor-version":[{"id":64760,"href":"https:\/\/conurbanodiario.com.ar\/index.php?rest_route=\/wp\/v2\/posts\/64759\/revisions\/64760"}],"wp:featuredmedia":[{"embeddable":true,"href":"https:\/\/conurbanodiario.com.ar\/index.php?rest_route=\/wp\/v2\/media\/59656"}],"wp:attachment":[{"href":"https:\/\/conurbanodiario.com.ar\/index.php?rest_route=%2Fwp%2Fv2%2Fmedia&parent=64759"}],"wp:term":[{"taxonomy":"category","embeddable":true,"href":"https:\/\/conurbanodiario.com.ar\/index.php?rest_route=%2Fwp%2Fv2%2Fcategories&post=64759"},{"taxonomy":"post_tag","embeddable":true,"href":"https:\/\/conurbanodiario.com.ar\/index.php?rest_route=%2Fwp%2Fv2%2Ftags&post=64759"}],"curies":[{"name":"wp","href":"https:\/\/api.w.org\/{rel}","templated":true}]}}