{"id":64755,"date":"2023-08-18T01:05:00","date_gmt":"2023-08-18T04:05:00","guid":{"rendered":"http:\/\/conurbanodiario.com.ar\/?p=64755"},"modified":"2023-08-20T05:15:31","modified_gmt":"2023-08-20T08:15:31","slug":"estela-diaz-llamo-a-consolidar-en-la-provincia-el-triunfo-que-axel-kicillof-obtuvo-en-las-paso","status":"publish","type":"post","link":"https:\/\/conurbanodiario.com.ar\/?p=64755","title":{"rendered":"ESTELA D\u00cdAZ LLAM\u00d3 A &#8220;CONSOLIDAR&#8221; EN LA PROVINCIA EL TRIUNFO QUE AXEL KICILLOF OBTUVO EN LAS PASO"},"content":{"rendered":"\n<p>La ministra de las Mujeres, G\u00e9nero y Diversidad Sexual de la provincia de Buenos Aires, Estela D\u00edaz, consider\u00f3 que tras las primarias abiertas, simult\u00e1neas y obligatorias es necesario \u201cconsolidar el triunfo\u00bb que obtuvo el gobernador Axel Kicillof en el territorio bonaerense, y calific\u00f3 como \u00abprofundamente machista\u00bb al candidato presidencial de La Libertad Avanza (LLA), Javier Milei.<\/p>\n\n\n\n<p>\u201cEn la provincia de Buenos Aires, Uni\u00f3n por la Patria (UxP) gan\u00f3 en las PASO, no lo hizo LLA. Los y las bonaerenses eligieron un camino de Estado presente, construcci\u00f3n de derechos, abordaje de las problem\u00e1ticas y compromiso\u00bb, se\u00f1al\u00f3 D\u00edaz en declaraciones a Radio Provincia.<\/p>\n\n\n\n<p>En ese sentido, la funcionaria afirm\u00f3 que desde el Estado se tiene que seguir \u00abconstruyendo futuro con los derechos que faltan\u00bb, y sostuvo que el descontento expresado en las urnas no se canaliza con \u00abel cierre\u00bb del sector p\u00fablico.<\/p>\n\n\n\n<p>\u201cHemos generado pol\u00edticas y programas en los 135 municipios que antes no hab\u00eda. Nos reciben porque hay demanda, necesidad de tener lugares de atenci\u00f3n. Tenemos pol\u00edticas en trabajo, salud, educaci\u00f3n, pero adem\u00e1s en todo lo que tiene que ver con la prevenci\u00f3n de la violencia en la juventud, la educaci\u00f3n sexual integral desde las escuelas\u00bb, repas\u00f3 la ministra en relaci\u00f3n a los aspectos centrales de la gesti\u00f3n del Ejecutivo provincial.<\/p>\n\n\n\n<p>La ministra bonaerense critic\u00f3 la propuesta del candidato de LLA de impulsar la \u00abanulaci\u00f3n de la Ley de Interrupci\u00f3n Voluntaria del Embarazo (IVE), algo que contradice el ideario liberal\u00bb que afirma defender el economista.<\/p>\n\n\n\n<p>\u201cMilei no quiere que tengamos libertad, igualdad y derecho a decidir. Es profundamente machista, pero adem\u00e1s plantea llamar a un plebiscito para anular la interrupci\u00f3n del embarazo. Nuestra Constituci\u00f3n dice que los temas penales no se plebiscitan. Eso es inconstitucional, ah\u00ed hay ignorancia o querer violar la Constituci\u00f3n, por eso hay mucho para charlar. Octubre es el momento definitorio\u201d, puntualiz\u00f3. <\/p>\n","protected":false},"excerpt":{"rendered":"<p>La ministra de las Mujeres, G\u00e9nero y Diversidad Sexual de la provincia de Buenos Aires,&#8230;<\/p>\n","protected":false},"author":1,"featured_media":59656,"comment_status":"closed","ping_status":"closed","sticky":false,"template":"","format":"standard","meta":{"footnotes":""},"categories":[35],"tags":[],"class_list":["post-64755","post","type-post","status-publish","format-standard","has-post-thumbnail","hentry","category-politica"],"_links":{"self":[{"href":"https:\/\/conurbanodiario.com.ar\/index.php?rest_route=\/wp\/v2\/posts\/64755","targetHints":{"allow":["GET"]}}],"collection":[{"href":"https:\/\/conurbanodiario.com.ar\/index.php?rest_route=\/wp\/v2\/posts"}],"about":[{"href":"https:\/\/conurbanodiario.com.ar\/index.php?rest_route=\/wp\/v2\/types\/post"}],"author":[{"embeddable":true,"href":"https:\/\/conurbanodiario.com.ar\/index.php?rest_route=\/wp\/v2\/users\/1"}],"replies":[{"embeddable":true,"href":"https:\/\/conurbanodiario.com.ar\/index.php?rest_route=%2Fwp%2Fv2%2Fcomments&post=64755"}],"version-history":[{"count":2,"href":"https:\/\/conurbanodiario.com.ar\/index.php?rest_route=\/wp\/v2\/posts\/64755\/revisions"}],"predecessor-version":[{"id":64758,"href":"https:\/\/conurbanodiario.com.ar\/index.php?rest_route=\/wp\/v2\/posts\/64755\/revisions\/64758"}],"wp:featuredmedia":[{"embeddable":true,"href":"https:\/\/conurbanodiario.com.ar\/index.php?rest_route=\/wp\/v2\/media\/59656"}],"wp:attachment":[{"href":"https:\/\/conurbanodiario.com.ar\/index.php?rest_route=%2Fwp%2Fv2%2Fmedia&parent=64755"}],"wp:term":[{"taxonomy":"category","embeddable":true,"href":"https:\/\/conurbanodiario.com.ar\/index.php?rest_route=%2Fwp%2Fv2%2Fcategories&post=64755"},{"taxonomy":"post_tag","embeddable":true,"href":"https:\/\/conurbanodiario.com.ar\/index.php?rest_route=%2Fwp%2Fv2%2Ftags&post=64755"}],"curies":[{"name":"wp","href":"https:\/\/api.w.org\/{rel}","templated":true}]}}