{"id":64752,"date":"2023-08-18T04:19:20","date_gmt":"2023-08-18T07:19:20","guid":{"rendered":"http:\/\/conurbanodiario.com.ar\/?p=64752"},"modified":"2023-08-20T05:15:30","modified_gmt":"2023-08-20T08:15:30","slug":"kicillof-llamo-a-defender-los-intereses-nacionales-y-los-derechos-que-conquistamos","status":"publish","type":"post","link":"https:\/\/conurbanodiario.com.ar\/?p=64752","title":{"rendered":"KICILLOF LLAM\u00d3 A &#8220;DEFENDER LOS INTERESES NACIONALES Y LOS DERECHOS QUE CONQUISTAMOS&#8221;"},"content":{"rendered":"\n<p>El gobernador de la provincia de Buenos Aires, Axel Kicillof, exhort\u00f3 a \u00abdefender los intereses nacionales y los derechos conquistados\u00bb, de cara a las pr\u00f3ximas elecciones nacionales, al recordar el&nbsp;173\u00ba aniversario del fallecimiento del General San Mart\u00edn que se conmemor\u00f3 ayer jueves.<\/p>\n\n\n\n<p>\u00abEn tiempos de discursos que nos hablan de libertad, recordemos que la \u00fanica manera de que sea posible es defendiendo los intereses nacionales y los derechos que conquistamos\u00bb, public\u00f3 Kicillof en su cuenta de Twitter.<\/p>\n\n\n\n<p>Y agreg\u00f3: \u00abEn el aniversario del paso a la inmortalidad del General Jos\u00e9 de San Mart\u00edn, recuperemos su esp\u00edritu de lucha para construir un pa\u00eds con m\u00e1s independencia y soberan\u00eda\u00bb.<\/p>\n","protected":false},"excerpt":{"rendered":"<p>El gobernador de la provincia de Buenos Aires, Axel Kicillof, exhort\u00f3 a \u00abdefender los intereses&#8230;<\/p>\n","protected":false},"author":1,"featured_media":59656,"comment_status":"closed","ping_status":"closed","sticky":false,"template":"","format":"standard","meta":{"footnotes":""},"categories":[35],"tags":[],"class_list":["post-64752","post","type-post","status-publish","format-standard","has-post-thumbnail","hentry","category-politica"],"_links":{"self":[{"href":"https:\/\/conurbanodiario.com.ar\/index.php?rest_route=\/wp\/v2\/posts\/64752","targetHints":{"allow":["GET"]}}],"collection":[{"href":"https:\/\/conurbanodiario.com.ar\/index.php?rest_route=\/wp\/v2\/posts"}],"about":[{"href":"https:\/\/conurbanodiario.com.ar\/index.php?rest_route=\/wp\/v2\/types\/post"}],"author":[{"embeddable":true,"href":"https:\/\/conurbanodiario.com.ar\/index.php?rest_route=\/wp\/v2\/users\/1"}],"replies":[{"embeddable":true,"href":"https:\/\/conurbanodiario.com.ar\/index.php?rest_route=%2Fwp%2Fv2%2Fcomments&post=64752"}],"version-history":[{"count":2,"href":"https:\/\/conurbanodiario.com.ar\/index.php?rest_route=\/wp\/v2\/posts\/64752\/revisions"}],"predecessor-version":[{"id":64862,"href":"https:\/\/conurbanodiario.com.ar\/index.php?rest_route=\/wp\/v2\/posts\/64752\/revisions\/64862"}],"wp:featuredmedia":[{"embeddable":true,"href":"https:\/\/conurbanodiario.com.ar\/index.php?rest_route=\/wp\/v2\/media\/59656"}],"wp:attachment":[{"href":"https:\/\/conurbanodiario.com.ar\/index.php?rest_route=%2Fwp%2Fv2%2Fmedia&parent=64752"}],"wp:term":[{"taxonomy":"category","embeddable":true,"href":"https:\/\/conurbanodiario.com.ar\/index.php?rest_route=%2Fwp%2Fv2%2Fcategories&post=64752"},{"taxonomy":"post_tag","embeddable":true,"href":"https:\/\/conurbanodiario.com.ar\/index.php?rest_route=%2Fwp%2Fv2%2Ftags&post=64752"}],"curies":[{"name":"wp","href":"https:\/\/api.w.org\/{rel}","templated":true}]}}