{"id":64748,"date":"2023-08-18T04:09:47","date_gmt":"2023-08-18T07:09:47","guid":{"rendered":"http:\/\/conurbanodiario.com.ar\/?p=64748"},"modified":"2023-08-20T05:15:30","modified_gmt":"2023-08-20T08:15:30","slug":"massa-aseguro-que-su-responsabilidad-es-darle-previsibilidad-a-los-argentinos","status":"publish","type":"post","link":"https:\/\/conurbanodiario.com.ar\/?p=64748","title":{"rendered":"MASSA ASEGUR\u00d3 QUE SU RESPONSABILIDAD ES &#8220;DARLE PREVISIBILIDAD&#8221; A LOS ARGENTINOS"},"content":{"rendered":"\n<p>El ministro de Econom\u00eda y candidato presidencial de Uni\u00f3n por la Patria (UxP), Sergio Massa, indic\u00f3 que su responsabilidad es \u00abdarle previsibilidad\u00bb al pa\u00eds para los pr\u00f3ximos meses porque no va a \u00absoltar el tim\u00f3n en medio de la tormenta\u00bb y asegur\u00f3 que va a estar del lado de los trabajadores \u00aben la puja distributiva\u00bb.<\/p>\n\n\n\n<p>\u00abA m\u00ed me quedan 10 d\u00edas claves donde no puedo distraerme en la campa\u00f1a, no puedo pedirle a alguien que me vote para los pr\u00f3ximos 4 a\u00f1os si no puedo darle un m\u00ednimo marco de orden y de previsibilidad para los pr\u00f3ximos 4 meses. Mi responsabilidad es esa\u00bb, se\u00f1al\u00f3 Massa en una entrevista para el canal Cr\u00f3nica TV.<\/p>\n\n\n\n<p>En esa l\u00ednea, el ministro indic\u00f3 que su objetivo en los pr\u00f3ximos d\u00edas es \u00abestabilizar variables, congelar precios\u00bb y consider\u00f3 que \u00absi la gente ve que cuando las papas queman me pongo al frente, tambi\u00e9n lo van a valorar a la hora de elegir presidente\u00bb.<\/p>\n\n\n\n<p>\u00abNunca suelto el tim\u00f3n en medio de la tormenta. Para los que nos criamos en el Delta, en el momento en el que se mueve el tim\u00f3n es el momento en el que m\u00e1s fuerte hay que sostenerlo. Arriba del barco vienen los 40 millones de los argentinos. No se echa queros\u00e9n en el medio del incendio\u00bb, asever\u00f3 el exintendente de Tigre.<\/p>\n\n\n\n<p>En esa l\u00ednea, Massa se dirigi\u00f3 a los televidentes y expres\u00f3: \u00abVas a recuperar en la puja distributiva porque voy a estar de tu lado en la puja por el salario, en la recuperaci\u00f3n de tu cr\u00e9dito, voy a estar de tu lado\u00bb.<\/p>\n\n\n\n<p>Adem\u00e1s, adelant\u00f3 que en las pr\u00f3ximas semanas habr\u00e1 anuncios para continuar con la estabilizaci\u00f3n de las variables macro y microecon\u00f3micas, como una suma fija para trabajadores, mejoras en el sistema de asignaciones, sistema de cr\u00e9dito, y tambi\u00e9n anticip\u00f3 una propuesta para mejorar la situaci\u00f3n de los trabajadores informales.<\/p>\n\n\n\n<p>\u00abNo vengan con el verso del &#8216;plan platita&#8217;, lo que vamos a hacer es compensar el da\u00f1o que nos impuso el Fondo\u00bb, indic\u00f3 en referencia a la deuda contra\u00edda con el FMI durante el gobierno de Mauricio Macri.<\/p>\n\n\n\n<p>Y a\u00f1adi\u00f3: \u00abYo no traje al Fondo, si soy presidente voy a juntar los d\u00f3lares para sacarlo, obviamente renegociando el pago. Es un problema para el desarrollo del pa\u00eds\u00bb.<\/p>\n\n\n\n<p>Asimismo, se\u00f1al\u00f3 que desde el FMI \u00abhab\u00edan pedido una devaluaci\u00f3n del 100%, despu\u00e9s del 60% finalmente terminamos accediendo al 20%\u00bb.<\/p>\n\n\n\n<p>Respecto a la situaci\u00f3n de las universidades p\u00fablicas en Argentina, Massa se\u00f1al\u00f3 que hay proyectos de ley \u00abparados\u00bb en el Congreso que no permiten avanzar con el desarrollo de casas de altos estudios en lugares como Pilar y Tigre porque desde la oposici\u00f3n tienen un \u00abprejuicio ideol\u00f3gico\u00bb y las consideran un \u00abgasto\u00bb.<\/p>\n\n\n\n<p>En ese sentido, se refiri\u00f3 a la propuesta de Javier Milei, candidato presidencial de La Libertad Avanza, de establecer un sistema de vouchers en la educaci\u00f3n: \u00abLo que tienen que saber es que le va a costar 3 millones de pesos por a\u00f1o a cada alumno. Ese es el modelo. El voucher es un ticket canasta\u00bb.<\/p>\n\n\n\n<p>\u00abYo creo en la universidad p\u00fablica\u00bb, se diferenci\u00f3 el ministro.<\/p>\n\n\n\n<p>Respecto a la idea de dolarizar del l\u00edder libertario, se\u00f1al\u00f3 que \u00abMilei viene con lindos t\u00e9rminos t\u00e9cnicos a esconder una cosa que en Argentina funcion\u00f3 con (el exministro de Finanzas de la \u00faltima dictadura, Jos\u00e9) Martinez de Hoz, con (el exministro de Econom\u00eda, Domingo) Cavallo de (el gobierno Fernando) De La R\u00faa, y Patricia Bullrich m\u00e1s o menos plantea lo mismo\u00bb.<\/p>\n\n\n\n<p>\u00abEl laburante tiene que saber que Patricia y Javier Milei han planteado un esquema en el cual no tienen m\u00e1s vacaciones pagas, el aguinaldo no existe m\u00e1s, adem\u00e1s la indemnizaci\u00f3n se acab\u00f3. Son las tres cosas que plantearon de manera uniforme\u00bb, subray\u00f3.<\/p>\n\n\n\n<p>Por su parte, expres\u00f3: \u00abYo quiero que el laburo de los pibes argentinos, que el laburo de las pymes argentinas se exporte, valga d\u00f3lares y peleo por la apertura de Argentina en el mundo\u00bb.<\/p>\n\n\n\n<p>\u00abEse es el pa\u00eds en el que yo creo, no importado, yo defiendo la industria nacional y la quiero al menos regionalizar\u00bb, a\u00f1adi\u00f3.<\/p>\n\n\n\n<p>Massa se comprometi\u00f3 a \u00abdefender la universidad p\u00fablica, el sistema de jubilaciones, el sistema de medicamentos gratuitos para jubilados, defender laburantes con indemnizaci\u00f3n y con derecho de las vacaciones pagas, y defender a la pyme argentina que genera el 70% de empleo\u00bb.<\/p>\n\n\n\n<p>\u00abPorque yo creo en mi pa\u00eds. Ellos se la pasaron diciendo que era un pa\u00eds fracasado un pa\u00eds de mierda, yo creo que este es un pa\u00eds maravilloso que necesita elegir un proyecto por 10 a\u00f1os. El mundo mira nuestros minerales, yo le quiero vender bater\u00edas, no litio\u00bb, marc\u00f3 Massa.<\/p>\n\n\n\n<p>El candidato de UxP compar\u00f3: \u00abNosotros defendemos derechos que hoy tienen y ellos plantean que se los quieren sacar. Y respecto de los que no tienen derechos, el Estado tiene que promover una acci\u00f3n en los pr\u00f3ximos d\u00edas: el monotributo productivo, que va a jugar un papel de formalizaci\u00f3n importante\u00bb.<\/p>\n\n\n\n<p>Sobre las elecciones generales de octubre, consider\u00f3 que \u00abel peronismo tiene mucha chance de estar en segunda vuelta, si va todo junto y unido\u00bb.<\/p>\n\n\n\n<p>\u00abUna cosa es tener 130 boletas en el cuarto oscuro y otra cosa 5. Ten\u00e9s que elegir y ya no es darle un mensaje al Gobierno y decirle \u2018mir\u00e1 que en todo esto te est\u00e1s equivocando\u2019, sino darle la llave para que los pr\u00f3ximos cuatro a\u00f1os te dediques a resolverlo\u2019\u00bb, se\u00f1al\u00f3.<\/p>\n\n\n\n<p>Adem\u00e1s, agreg\u00f3: \u00abUna cosa es hablar y otra cosa es hacer. Yo me caracteric\u00e9 por hacer, muchos me critican que comunico poco. A m\u00ed me gusta laburar, lo que hago no hago para contarlo\u00bb.<\/p>\n\n\n\n<p>Tambi\u00e9n expres\u00f3 que Juntos por el Cambio, en t\u00e9rminos de resultados electorales, fue \u00abel mayor perdedor\u00bb el domingo.<\/p>\n\n\n\n<p>\u00abCuando una fuerza pol\u00edtica est\u00e1 en el Gobierno y otra est\u00e1 en la oposici\u00f3n, se supone que \u00e9sta es la alternativa al Gobierno. En realidad, la sociedad les dijo &#8216;la alternativa no son ustedes'\u00bb, analiz\u00f3.<\/p>\n\n\n\n<p>Desde la fuerza opositora \u00abnunca explicaron el fracaso del gobierno de (Mauricio) Macri\u00bb, a\u00f1adi\u00f3. <\/p>\n","protected":false},"excerpt":{"rendered":"<p>El ministro de Econom\u00eda y candidato presidencial de Uni\u00f3n por la Patria (UxP), Sergio Massa,&#8230;<\/p>\n","protected":false},"author":1,"featured_media":59656,"comment_status":"closed","ping_status":"closed","sticky":false,"template":"","format":"standard","meta":{"footnotes":""},"categories":[5],"tags":[],"class_list":["post-64748","post","type-post","status-publish","format-standard","has-post-thumbnail","hentry","category-el-pais"],"_links":{"self":[{"href":"https:\/\/conurbanodiario.com.ar\/index.php?rest_route=\/wp\/v2\/posts\/64748","targetHints":{"allow":["GET"]}}],"collection":[{"href":"https:\/\/conurbanodiario.com.ar\/index.php?rest_route=\/wp\/v2\/posts"}],"about":[{"href":"https:\/\/conurbanodiario.com.ar\/index.php?rest_route=\/wp\/v2\/types\/post"}],"author":[{"embeddable":true,"href":"https:\/\/conurbanodiario.com.ar\/index.php?rest_route=\/wp\/v2\/users\/1"}],"replies":[{"embeddable":true,"href":"https:\/\/conurbanodiario.com.ar\/index.php?rest_route=%2Fwp%2Fv2%2Fcomments&post=64748"}],"version-history":[{"count":2,"href":"https:\/\/conurbanodiario.com.ar\/index.php?rest_route=\/wp\/v2\/posts\/64748\/revisions"}],"predecessor-version":[{"id":64751,"href":"https:\/\/conurbanodiario.com.ar\/index.php?rest_route=\/wp\/v2\/posts\/64748\/revisions\/64751"}],"wp:featuredmedia":[{"embeddable":true,"href":"https:\/\/conurbanodiario.com.ar\/index.php?rest_route=\/wp\/v2\/media\/59656"}],"wp:attachment":[{"href":"https:\/\/conurbanodiario.com.ar\/index.php?rest_route=%2Fwp%2Fv2%2Fmedia&parent=64748"}],"wp:term":[{"taxonomy":"category","embeddable":true,"href":"https:\/\/conurbanodiario.com.ar\/index.php?rest_route=%2Fwp%2Fv2%2Fcategories&post=64748"},{"taxonomy":"post_tag","embeddable":true,"href":"https:\/\/conurbanodiario.com.ar\/index.php?rest_route=%2Fwp%2Fv2%2Ftags&post=64748"}],"curies":[{"name":"wp","href":"https:\/\/api.w.org\/{rel}","templated":true}]}}