{"id":64745,"date":"2023-08-18T01:01:00","date_gmt":"2023-08-18T04:01:00","guid":{"rendered":"http:\/\/conurbanodiario.com.ar\/?p=64745"},"modified":"2023-08-20T05:15:31","modified_gmt":"2023-08-20T08:15:31","slug":"boca-inicia-este-viernes-su-camino-en-la-copa-de-la-liga-ante-platense-en-la-bombonera","status":"publish","type":"post","link":"https:\/\/conurbanodiario.com.ar\/?p=64745","title":{"rendered":"BOCA INICIA ESTE VIERNES SU CAMINO EN LA COPA DE LA LIGA ANTE PLATENSE EN LA BOMBONERA"},"content":{"rendered":"\n<p>Boca Juniors, \u00faltimo ganador de la Copa de la Liga jugada durante el primer semestre del a\u00f1o pasado, recibir\u00e1 este viernes a Platense en un partido v\u00e1lido por la Zona B que ser\u00e1 uno de los tres que le dar\u00e1n continuidad a la fecha inicial.<\/p>\n\n\n\n<p>El encuentro se jugar\u00e1 a partir de las 21 en La Bombonera, ser\u00e1 arbitrado por Fernando Espinoza y televisado por la se\u00f1al TNT Sports.<\/p>\n\n\n\n<p>El equipo \u00abXeneize\u00bb que dirige Jorge Almir\u00f3n diagram\u00f3 un plantel importante, con las incorporaciones de los uruguayos Edinson Cavani, el pase m\u00e1s importante del mercado, y Marcelo Saracchi, m\u00e1s Lucas Blondel y Lucas Janson, y la m\u00e1s reciente del mendocino Ezequiel Bullaude.<\/p>\n\n\n\n<p>Con esas incorporaciones, m\u00e1s los regresos del colombiano Jorman Campuzano y el juvenil Vicente Taborda, quienes estaban a pr\u00e9stamo en otros clubes, Boca tiene un plantel m\u00e1s completo, con mayor recambio<\/p>\n\n\n\n<p>Entre las bajas el \u00fanico que era titular es Alan Varela (se fue al Porto), mientras que Luis V\u00e1zquez (al Anderlech) y otros juveniles que emigraron no eran demasiado tenidos en cuenta.<\/p>\n\n\n\n<p>Para el debut en el torneo dom\u00e9stico, Almir\u00f3n preservar\u00e1 a algunas piezas importantes, habida cuenta de que el m\u00e1ximo objetivo del club en el semestre es la Copa Libertadores, m\u00e1s precisamente la serie de cuartos de final que animar\u00e1 con Racing Club desde la semana pr\u00f3xima.<\/p>\n\n\n\n<p>Almir\u00f3n preservar\u00e1 a Nicol\u00e1s Figal, Frank Fabra, Luis Adv\u00edncula y posiblemente Valent\u00edn Barco y Cristian Medina, para tenerlos disponibles el mi\u00e9rcoles que viene en La Boca en el cruce de ida con la \u00abAcademia\u00bb, que ser\u00e1 clave para el desenlace de la serie.<\/p>\n\n\n\n<p>Los que estar\u00e1n de entrada ser\u00e1n los que necesitan jugar para tener mayor ritmo de partidos, como el capit\u00e1n Marcos Rojo y el \u00abMatador\u00bb Cavani, adem\u00e1s del mendocino Bullaude, la m\u00e1s reciente incorporaci\u00f3n, y uno de los m\u00e1s solicitados por los hinchas: el santiague\u00f1o Zeballos, posiblemente junto a Janson.<\/p>\n\n\n\n<p>Otro anunciado desde el inicio es el lateral uruguayo Saracchi, quien impresion\u00f3 al cuerpo t\u00e9cnico en las pr\u00e1cticas.<\/p>\n\n\n\n<p>Barco, quien gener\u00f3 inter\u00e9s de clubes ingleses (Manchester City y Brighton), tiene destino de f\u00fatbol europeo y en Boca quieren disfrutarlo lo m\u00e1ximo que se pueda y tenerlo disponible hasta que termine la participaci\u00f3n del equipo en la Libertadores.<\/p>\n\n\n\n<p>Por el lado de Platense, dirigido por uno de los m\u00e1ximos \u00eddolos de la historia de Boca como Mart\u00edn Palermo, intentar\u00e1 salir airoso de La Bombonera.<\/p>\n\n\n\n<p>El equipo \u00abCalamar\u00bb se reforz\u00f3 con el arquero Joaqu\u00edn Bl\u00e1zquez, los mediocampistas Gabriel Gudi\u00f1o y Luciano Ferreyra, y el delantero Mateo Pellegrino, aunque en principio ninguno jugar\u00e1 ante Boca.<\/p>\n\n\n\n<p>Adem\u00e1s, no estar\u00e1n el defensor Ra\u00fal Lozano, expulsado ante Gimnasia y Esgrima La Plata en la \u00faltima fecha del torneo pasado, y el delantero Mauro Quiroga, desgarrado.<\/p>\n\n\n\n<p>Palermo ensay\u00f3 con Ronaldo Mart\u00ednez como \u00fanico punta Maxi Salazar m\u00e1s abierto, y tambi\u00e9n us\u00f3 dos delanteros de \u00e1rea cuando incluy\u00f3 a Nicol\u00e1s Servetto.<\/p>\n\n\n\n<p>El historial entre ambos es de 125 partidos y favorece a los \u00abXeneizes\u00bb, que se impusieron en 56 ocasiones contra 27 de el \u00abCalamar\u00bb, mientras que empataron 42 veces.<\/p>\n\n\n\n<p>Boca, que le lleva una ventaja de 29 partidos, le gan\u00f3 a Platense las tres veces que se enfrentaron desde que regres\u00f3 a primera divisi\u00f3n en febrero de 2021.<\/p>\n\n\n\n<p>El primer triunfo fue por 3-1 en Vicente L\u00f3pez con goles de Norberto Briasco, Diego \u00abPulpo\u00bb Gonz\u00e1lez y Cristian Pav\u00f3n; luego lo venci\u00f3 por 2-1 en la Bombonera con sendos tantos del paraguayo Oscar Romero y finalmente 3-1 tambi\u00e9n en La Boca con tantos del \u00abBeto\u00bb Briasco, Nicol\u00e1s Figal y Miguel Merentiel.<\/p>\n\n\n\n<p>\u2013 Probables Formaciones \u2013<\/p>\n\n\n\n<p>Boca Juniors: Sergio \u00abChiquito\u00bb Romero o Javier Garc\u00eda; Lucas Blondel, Bruno Valdez, Marcos Rojo y Marcelo Saracchi; Jorman Campuzano, Ezequiel \u00abEqui\u00bb Fern\u00e1ndez, Ezequiel Bullaude; Exequiel Zeballos, Edinson Cavani y Lucas Janson. DT: Jorge Almir\u00f3n.<\/p>\n\n\n\n<p>Platense: Ramiro Macagno; Nicol\u00e1s Morgantini, Ignacio V\u00e1zquez, Gast\u00f3n Suso y Sasha Marcich; Jer\u00f3nimo Cacciabue, Iv\u00e1n Rossi; Gabriel Gudi\u00f1o y Luciano Ferreyra; Maximiliano Zalazar o Nicol\u00e1s Servetto y Ronaldo Mart\u00ednez.<\/p>\n\n\n\n<p>\u00c1rbitro: Fernando Espinoza.<\/p>\n\n\n\n<p>VAR: Silvio Trucco.<\/p>\n\n\n\n<p>Cancha: Boca Juniors.<\/p>\n\n\n\n<p>Hora de inicio: 21.<\/p>\n\n\n\n<p>TV: TNT Sports.<\/p>\n\n\n\n<p><a href=\"https:\/\/infobuenosaires.com.ar\/#facebook\" rel=\"noreferrer noopener\" target=\"_blank\"><\/a><\/p>\n","protected":false},"excerpt":{"rendered":"<p>Boca Juniors, \u00faltimo ganador de la Copa de la Liga jugada durante el primer semestre&#8230;<\/p>\n","protected":false},"author":1,"featured_media":59656,"comment_status":"closed","ping_status":"closed","sticky":false,"template":"","format":"standard","meta":{"footnotes":""},"categories":[33,32],"tags":[],"class_list":["post-64745","post","type-post","status-publish","format-standard","has-post-thumbnail","hentry","category-destacados","category-deportes"],"_links":{"self":[{"href":"https:\/\/conurbanodiario.com.ar\/index.php?rest_route=\/wp\/v2\/posts\/64745","targetHints":{"allow":["GET"]}}],"collection":[{"href":"https:\/\/conurbanodiario.com.ar\/index.php?rest_route=\/wp\/v2\/posts"}],"about":[{"href":"https:\/\/conurbanodiario.com.ar\/index.php?rest_route=\/wp\/v2\/types\/post"}],"author":[{"embeddable":true,"href":"https:\/\/conurbanodiario.com.ar\/index.php?rest_route=\/wp\/v2\/users\/1"}],"replies":[{"embeddable":true,"href":"https:\/\/conurbanodiario.com.ar\/index.php?rest_route=%2Fwp%2Fv2%2Fcomments&post=64745"}],"version-history":[{"count":1,"href":"https:\/\/conurbanodiario.com.ar\/index.php?rest_route=\/wp\/v2\/posts\/64745\/revisions"}],"predecessor-version":[{"id":64747,"href":"https:\/\/conurbanodiario.com.ar\/index.php?rest_route=\/wp\/v2\/posts\/64745\/revisions\/64747"}],"wp:featuredmedia":[{"embeddable":true,"href":"https:\/\/conurbanodiario.com.ar\/index.php?rest_route=\/wp\/v2\/media\/59656"}],"wp:attachment":[{"href":"https:\/\/conurbanodiario.com.ar\/index.php?rest_route=%2Fwp%2Fv2%2Fmedia&parent=64745"}],"wp:term":[{"taxonomy":"category","embeddable":true,"href":"https:\/\/conurbanodiario.com.ar\/index.php?rest_route=%2Fwp%2Fv2%2Fcategories&post=64745"},{"taxonomy":"post_tag","embeddable":true,"href":"https:\/\/conurbanodiario.com.ar\/index.php?rest_route=%2Fwp%2Fv2%2Ftags&post=64745"}],"curies":[{"name":"wp","href":"https:\/\/api.w.org\/{rel}","templated":true}]}}