{"id":64742,"date":"2023-08-18T03:54:17","date_gmt":"2023-08-18T06:54:17","guid":{"rendered":"https:\/\/conurbanodiario.com.ar\/?p=64742"},"modified":"2023-08-20T05:15:30","modified_gmt":"2023-08-20T08:15:30","slug":"racing-visita-a-union-de-santa-fe-por-la-primera-fecha-de-la-copa-de-la-liga","status":"publish","type":"post","link":"https:\/\/conurbanodiario.com.ar\/?p=64742","title":{"rendered":"RACING VISITA A UNI\u00d3N DE SANTA FE POR LA PRIMERA FECHA DE LA COPA DE LA LIGA"},"content":{"rendered":"\n<p>Racing Club, que tiene a la Copa Libertadores como m\u00e1ximo objetivo en este semestre, visitar\u00e1 este viernes a Uni\u00f3n de Santa Fe en el marco de la primera fecha de la Zona B de la Copa de la Liga Profesional.<\/p>\n\n\n\n<p>El partido se jugar\u00e1 desde las 19 en el estadio 15 de abril, contar\u00e1 con el arbitraje del neuquino Dar\u00edo Herrera y la transmisi\u00f3n de la se\u00f1al de cable ESPN Premium.<\/p>\n\n\n\n<p>La \u00abAcademia\u00bb viene de hacer un torneo mediocre en el que finaliz\u00f3 en la 12da. posici\u00f3n con 36 puntos, a 25 del campe\u00f3n River (61) y afuera de los puestos clasificatorios a la pr\u00f3ximas copas internacionales.<\/p>\n\n\n\n<p>El equipo conducido por el t\u00e9cnico Fernando Gago se reforz\u00f3 con Agust\u00edn Almendra, Roger Mart\u00ednez, Juan Fernando Quintero, Gast\u00f3n Martirena y Nazareno Colombo para encarar los compromisos del presente semestre: torneo local, Copa Argentina y Copa Libertadores.<\/p>\n\n\n\n<p>Con miras al debut ante los santafesinos Gago no podr\u00e1 contar con el delantero colombiano Mart\u00ednez (lesi\u00f3n muscular en el b\u00edceps femoral del miembro inferior derecho) y el mediocampista Juan Nardoni (lesi\u00f3n en el b\u00edceps femoral derecho).<\/p>\n\n\n\n<p>Adem\u00e1s, con la mente puesta en el choque de ida ante Boca por la Libertadores, \u00abPintita\u00bb le dar\u00e1 descanso al arquero Gabriel Arias, quien sigue con la puesta a punto de la distensi\u00f3n en el s\u00f3leo de la pierna derecha, y en su reemplazo estar\u00e1 Mat\u00edas Tagliamonte.<\/p>\n\n\n\n<p>Mientras que en la zona defensiva, Leonardo Sigali y Gabriel Rojas dejar\u00e1n sus lugares para que ingresen Nicol\u00e1s Kozlovsky e Ignacio Galv\u00e1n, respectivamente, con la intenci\u00f3n de llegar descansados al duelo copero de la semana entrante ante el \u00abXeneize\u00bb.<\/p>\n\n\n\n<p>En la misma l\u00ednea, Gonzalo Piovi no podr\u00e1 ser tenido en cuenta porque debe cumplir una fecha de suspensi\u00f3n tras haber sido expulsado en la \u00faltima fecha del torneo pasado ante River. Su lugar ser\u00e1 cubierto por Santiago Quir\u00f3s.<\/p>\n\n\n\n<p>En la zona media, An\u00edbal Moreno tambi\u00e9n ser\u00e1 preservado para el primer \u00abchico\u00bb ante Boca y en su reemplazo ingresar\u00e1 Santino Vera.<\/p>\n\n\n\n<p>Los refuerzos Quintero y Almendra, por su parte, ir\u00e1n al banco de suplentes e ingresar\u00e1n en alg\u00fan tramo del encuentro para ir ganando ritmo de competencia.<\/p>\n\n\n\n<p>Uni\u00f3n, en tanto, termin\u00f3 el pasado torneo en la vig\u00e9sima posici\u00f3n con 30 unidades, lejos de la zona clasificatoria a las competencias internacionales y termin\u00f3 invicto en los \u00faltimos cinco encuentros con cuatro empates y una victoria (2 a 0 frente a Defensa y Justicia en la \u00faltima fecha).<\/p>\n\n\n\n<p>El entrenador Cristian Gonz\u00e1lez no incluir\u00e1 caras nuevas en el debut ante la \u00abAcad\u00e9\u00bb debido a que Uni\u00f3n todav\u00eda no consigui\u00f3 levantar las inhibiciones que pesan en la FIFA sobre la instituci\u00f3n santafesina por deudas con tres clubes del exterior.<\/p>\n\n\n\n<p>As\u00ed, el \u00abKily\u00bb presentar\u00e1 una formaci\u00f3n con 11 futbolistas que ya estaban bajo su mando al final del torneo pasado.<\/p>\n\n\n\n<p>El historial entre Racing y Uni\u00f3n registra 61 enfrentamientos con 21 triunfos de la \u00abAcademia\u00bb, 16 del \u00abTatengue\u00bb y 24 empates.<\/p>\n\n\n\n<p>=Probables formaciones=<\/p>\n\n\n\n<p>Uni\u00f3n: Sebasti\u00e1n Moyano; Federico Vera, Nicol\u00e1s Paz, Franco Calder\u00f3n, Claudio Corval\u00e1n y Kevin Zen\u00f3n; Enzo Rold\u00e1n, Joaqu\u00edn Mosqueira y Mateo Del Blanco; Jer\u00f3nimo D\u00f3mina y Mauro Luna Diale. DT: Cristian \u00abKily\u00bb Gonz\u00e1lez.<\/p>\n\n\n\n<p>Racing Club: Mat\u00edas Tagliamonte; Tob\u00edas Rubio, Nicol\u00e1s Kozlovski, Santiago Quir\u00f3s e Ignacio Galv\u00e1n; Nicol\u00e1s Oroz, Santino Vera y Jonathan G\u00f3mez; Agust\u00edn Ojeda, Maximiliano Romero y Gabriel Hauche. DT: Fernando Gago.<\/p>\n\n\n\n<p>\u00c1rbitro: Dar\u00edo Herrera.<\/p>\n\n\n\n<p>VAR: Lucas Novelli.<\/p>\n\n\n\n<p>Cancha: 15 de abril, de Uni\u00f3n.<\/p>\n\n\n\n<p>Hora de inicio: 19.<\/p>\n\n\n\n<p>TV: ESPN Premium. <\/p>\n","protected":false},"excerpt":{"rendered":"<p>Racing Club, que tiene a la Copa Libertadores como m\u00e1ximo objetivo en este semestre, visitar\u00e1&#8230;<\/p>\n","protected":false},"author":1,"featured_media":59656,"comment_status":"closed","ping_status":"closed","sticky":false,"template":"","format":"standard","meta":{"footnotes":""},"categories":[32],"tags":[],"class_list":["post-64742","post","type-post","status-publish","format-standard","has-post-thumbnail","hentry","category-deportes"],"_links":{"self":[{"href":"https:\/\/conurbanodiario.com.ar\/index.php?rest_route=\/wp\/v2\/posts\/64742","targetHints":{"allow":["GET"]}}],"collection":[{"href":"https:\/\/conurbanodiario.com.ar\/index.php?rest_route=\/wp\/v2\/posts"}],"about":[{"href":"https:\/\/conurbanodiario.com.ar\/index.php?rest_route=\/wp\/v2\/types\/post"}],"author":[{"embeddable":true,"href":"https:\/\/conurbanodiario.com.ar\/index.php?rest_route=\/wp\/v2\/users\/1"}],"replies":[{"embeddable":true,"href":"https:\/\/conurbanodiario.com.ar\/index.php?rest_route=%2Fwp%2Fv2%2Fcomments&post=64742"}],"version-history":[{"count":1,"href":"https:\/\/conurbanodiario.com.ar\/index.php?rest_route=\/wp\/v2\/posts\/64742\/revisions"}],"predecessor-version":[{"id":64744,"href":"https:\/\/conurbanodiario.com.ar\/index.php?rest_route=\/wp\/v2\/posts\/64742\/revisions\/64744"}],"wp:featuredmedia":[{"embeddable":true,"href":"https:\/\/conurbanodiario.com.ar\/index.php?rest_route=\/wp\/v2\/media\/59656"}],"wp:attachment":[{"href":"https:\/\/conurbanodiario.com.ar\/index.php?rest_route=%2Fwp%2Fv2%2Fmedia&parent=64742"}],"wp:term":[{"taxonomy":"category","embeddable":true,"href":"https:\/\/conurbanodiario.com.ar\/index.php?rest_route=%2Fwp%2Fv2%2Fcategories&post=64742"},{"taxonomy":"post_tag","embeddable":true,"href":"https:\/\/conurbanodiario.com.ar\/index.php?rest_route=%2Fwp%2Fv2%2Ftags&post=64742"}],"curies":[{"name":"wp","href":"https:\/\/api.w.org\/{rel}","templated":true}]}}