{"id":64737,"date":"2023-08-18T03:21:29","date_gmt":"2023-08-18T06:21:29","guid":{"rendered":"https:\/\/conurbanodiario.com.ar\/?p=64737"},"modified":"2023-08-20T05:15:31","modified_gmt":"2023-08-20T08:15:31","slug":"docentes-bonaerenses-de-gestion-privada-tendran-garantizada-movilidad-jubilatoria-automatica","status":"publish","type":"post","link":"https:\/\/conurbanodiario.com.ar\/?p=64737","title":{"rendered":"DOCENTES BONAERENSES DE GESTI\u00d3N PRIVADA TENDR\u00c1N GARANTIZADA MOVILIDAD JUBILATORIA AUTOM\u00c1TICA"},"content":{"rendered":"\n<p>Los docentes jubilados y pensionados de gesti\u00f3n privada de la provincia de Buenos Aires tendr\u00e1n garantizada la movilidad jubilatoria de forma autom\u00e1tica, inform\u00f3 esta semana el Instituto de Previsi\u00f3n Social (IPS).<\/p>\n\n\n\n<p>\u00abLa mesa de trabajo integrada por docentes, DIEGEP, SADOP y personal t\u00e9cnico del IPS, avanz\u00f3 sobre medidas tendientes a garantizar la movilidad jubilatoria de los docentes de gesti\u00f3n privada\u00bb, se consign\u00f3 en un comunicado.<\/p>\n\n\n\n<p>Y agregaron: \u00abEn tal sentido a partir del mes en curso, para aquellos que perciben bonificaciones calculadas en base al porcentaje total del salario y bonificaciones del cargo de base, la movilidad se liquidar\u00e1 de forma autom\u00e1tica y de oficio. As\u00ed, se atiende un reclamo hist\u00f3rico de quienes fueron trabajadoras y trabajadores de la educaci\u00f3n\u00bb.<\/p>\n\n\n\n<p>Detall\u00f3 que \u00abpara ello, ya no deber\u00e1n presentar m\u00e1s el \u201cFormulario 190\u201d que deb\u00edan hacerlo toda vez que hab\u00eda un incremento, en cambio ahora presentar\u00e1n por \u00fanica vez el formulario \u201cCodificaci\u00f3n de cargos DIEGEP. Extensi\u00f3n horaria\u201d.<\/p>\n\n\n\n<p>En los casos en que la bonificaci\u00f3n se calcule en base a una parcialidad de conceptos del cargo de base percibidos por el docente, los establecimientos de gesti\u00f3n privada deber\u00e1n acceder a una nueva funcionalidad desarrollada en la plataforma SAP.<\/p>\n\n\n\n<p>Tambi\u00e9n subir\u00e1n el nuevo formulario \u201cBonificaciones propias del establecimiento\u201d, tanto para recodificar extensi\u00f3n horaria basada en algunos conceptos del cargo de base o bien para codificar bonificaciones que no formen parte del cargo. Teniendo en cuenta la particularidad de este tipo de bonificaci\u00f3n, la movilidad queda sujeta a que el establecimiento informe los aumentos en tiempo y forma.<\/p>\n\n\n\n<p>\u00abCon estas nuevas disposiciones se garantiza la movilidad jubilatoria de las y los docentes de gesti\u00f3n privada, que es el sustento del sistema p\u00fablico y solidario de reparto de las y los trabajadores de la provincia\u00bb, destac\u00f3 el IPS.<\/p>\n\n\n\n<p>Para mayor informaci\u00f3n, las personas jubiladas y pensionadas de colegios privados pueden acceder a https:\/\/www.ips.gba.gob.ar\/tramites_home y seleccionar el Tr\u00e1mite: Agrega Codificaci\u00f3n de bonificaciones por extensi\u00f3n horaria y\/o bonificaciones propias del establecimiento &#8211; Colegio Privado-.<\/p>\n\n\n\n<p>El IPS inici\u00f3 en los \u00faltimos a\u00f1os importantes avances tecnol\u00f3gicos y en materia de gesti\u00f3n. Desde la digitalizaci\u00f3n de expedientes previsionales hasta la descentralizaci\u00f3n del organismo que incluy\u00f3 24 nuevas oficinas en la provincia.<\/p>\n","protected":false},"excerpt":{"rendered":"<p>Los docentes jubilados y pensionados de gesti\u00f3n privada de la provincia de Buenos Aires tendr\u00e1n&#8230;<\/p>\n","protected":false},"author":1,"featured_media":59656,"comment_status":"closed","ping_status":"closed","sticky":false,"template":"","format":"standard","meta":{"footnotes":""},"categories":[27],"tags":[],"class_list":["post-64737","post","type-post","status-publish","format-standard","has-post-thumbnail","hentry","category-educacion"],"_links":{"self":[{"href":"https:\/\/conurbanodiario.com.ar\/index.php?rest_route=\/wp\/v2\/posts\/64737","targetHints":{"allow":["GET"]}}],"collection":[{"href":"https:\/\/conurbanodiario.com.ar\/index.php?rest_route=\/wp\/v2\/posts"}],"about":[{"href":"https:\/\/conurbanodiario.com.ar\/index.php?rest_route=\/wp\/v2\/types\/post"}],"author":[{"embeddable":true,"href":"https:\/\/conurbanodiario.com.ar\/index.php?rest_route=\/wp\/v2\/users\/1"}],"replies":[{"embeddable":true,"href":"https:\/\/conurbanodiario.com.ar\/index.php?rest_route=%2Fwp%2Fv2%2Fcomments&post=64737"}],"version-history":[{"count":1,"href":"https:\/\/conurbanodiario.com.ar\/index.php?rest_route=\/wp\/v2\/posts\/64737\/revisions"}],"predecessor-version":[{"id":64738,"href":"https:\/\/conurbanodiario.com.ar\/index.php?rest_route=\/wp\/v2\/posts\/64737\/revisions\/64738"}],"wp:featuredmedia":[{"embeddable":true,"href":"https:\/\/conurbanodiario.com.ar\/index.php?rest_route=\/wp\/v2\/media\/59656"}],"wp:attachment":[{"href":"https:\/\/conurbanodiario.com.ar\/index.php?rest_route=%2Fwp%2Fv2%2Fmedia&parent=64737"}],"wp:term":[{"taxonomy":"category","embeddable":true,"href":"https:\/\/conurbanodiario.com.ar\/index.php?rest_route=%2Fwp%2Fv2%2Fcategories&post=64737"},{"taxonomy":"post_tag","embeddable":true,"href":"https:\/\/conurbanodiario.com.ar\/index.php?rest_route=%2Fwp%2Fv2%2Ftags&post=64737"}],"curies":[{"name":"wp","href":"https:\/\/api.w.org\/{rel}","templated":true}]}}