{"id":64733,"date":"2023-08-18T03:14:20","date_gmt":"2023-08-18T06:14:20","guid":{"rendered":"https:\/\/conurbanodiario.com.ar\/?p=64733"},"modified":"2023-08-20T05:15:31","modified_gmt":"2023-08-20T08:15:31","slug":"jorge-donofrio-llamo-a-militar-puerta-a-puerta-la-propuesta-de-uxp","status":"publish","type":"post","link":"https:\/\/conurbanodiario.com.ar\/?p=64733","title":{"rendered":"JORGE D&#8217;ONOFRIO LLAM\u00d3 A &#8220;MILITAR PUERTA A PUERTA&#8221; LA PROPUESTA DE UXP"},"content":{"rendered":"\n<p>El ministro de Transporte de la provincia de Buenos Aires, Jorge D\u00b4Onofrio, analiz\u00f3 el martes que uno de los problemas de la campa\u00f1a de Uni\u00f3n por la Patria (UxP) fue \u201cla comunicaci\u00f3n\u201d de las propuestas y llam\u00f3 a \u201cmilitar puerta a puerta\u201d para las elecciones generales de octubre.<\/p>\n\n\n\n<p>\u201cTenemos que partir desde la base que, independientemente que expliquemos toda la coyuntura que nos toc\u00f3, cometimos errores que tenemos que subsanar\u201d, se\u00f1al\u00f3 D\u2019Onofrio al analizar los resultados de la elecci\u00f3n del domingo durante una entrevista en radio Splendid.<\/p>\n\n\n\n<p>En esa l\u00ednea, indic\u00f3 que hubo \u201cun mal manejo de la negociaci\u00f3n de la deuda\u201d e \u201cimpericia de (Mart\u00edn) Guzm\u00e1n y hoy estamos pagando las consecuencias\u201d.<\/p>\n\n\n\n<p>\u201cUno de los puntos m\u00e1s bajos en el gobierno fue la comunicaci\u00f3n\u201d, advirti\u00f3 el referente del Frente Renovador y destac\u00f3: \u201cTampoco creo que nos tenemos que convertir en tiktokers, es en el mano a mano, militando mucho, puerta a puerta\u201d.<\/p>\n\n\n\n<p>Y enfatiz\u00f3 que \u201csi se vot\u00f3 de la manera que se vot\u00f3 es porque evidentemente no hemos estado a la altura de la circunstancia\u201d.<\/p>\n\n\n\n<p>D\u2019Onofrio consider\u00f3 que \u201chay dos modelos absolutamente contrapuestos\u201d, y remarc\u00f3 que \u201clo que propone la oposici\u00f3n tiene que ver con una sociedad diferente a lo que planteamos nosotros\u201d.<\/p>\n\n\n\n<p>En este sentido, destac\u00f3 que lo espera ahora es \u201chaya un verdadero debate, no solo a las propuestas, sino tambi\u00e9n a c\u00f3mo concretarlas\u201d.<\/p>\n\n\n\n<p>\u201cNada se arregla con la mano invisible del mercado. Eso es lo prehist\u00f3rico en la Argentina. Una de las cuestiones que m\u00e1s hay que explicar es qu\u00e9 significa ese cambio que proponen\u201d, subray\u00f3 el ministro bonaerense.<\/p>\n","protected":false},"excerpt":{"rendered":"<p>El ministro de Transporte de la provincia de Buenos Aires, Jorge D\u00b4Onofrio, analiz\u00f3 el martes&#8230;<\/p>\n","protected":false},"author":1,"featured_media":59656,"comment_status":"closed","ping_status":"closed","sticky":false,"template":"","format":"standard","meta":{"footnotes":""},"categories":[35],"tags":[],"class_list":["post-64733","post","type-post","status-publish","format-standard","has-post-thumbnail","hentry","category-politica"],"_links":{"self":[{"href":"https:\/\/conurbanodiario.com.ar\/index.php?rest_route=\/wp\/v2\/posts\/64733","targetHints":{"allow":["GET"]}}],"collection":[{"href":"https:\/\/conurbanodiario.com.ar\/index.php?rest_route=\/wp\/v2\/posts"}],"about":[{"href":"https:\/\/conurbanodiario.com.ar\/index.php?rest_route=\/wp\/v2\/types\/post"}],"author":[{"embeddable":true,"href":"https:\/\/conurbanodiario.com.ar\/index.php?rest_route=\/wp\/v2\/users\/1"}],"replies":[{"embeddable":true,"href":"https:\/\/conurbanodiario.com.ar\/index.php?rest_route=%2Fwp%2Fv2%2Fcomments&post=64733"}],"version-history":[{"count":2,"href":"https:\/\/conurbanodiario.com.ar\/index.php?rest_route=\/wp\/v2\/posts\/64733\/revisions"}],"predecessor-version":[{"id":64736,"href":"https:\/\/conurbanodiario.com.ar\/index.php?rest_route=\/wp\/v2\/posts\/64733\/revisions\/64736"}],"wp:featuredmedia":[{"embeddable":true,"href":"https:\/\/conurbanodiario.com.ar\/index.php?rest_route=\/wp\/v2\/media\/59656"}],"wp:attachment":[{"href":"https:\/\/conurbanodiario.com.ar\/index.php?rest_route=%2Fwp%2Fv2%2Fmedia&parent=64733"}],"wp:term":[{"taxonomy":"category","embeddable":true,"href":"https:\/\/conurbanodiario.com.ar\/index.php?rest_route=%2Fwp%2Fv2%2Fcategories&post=64733"},{"taxonomy":"post_tag","embeddable":true,"href":"https:\/\/conurbanodiario.com.ar\/index.php?rest_route=%2Fwp%2Fv2%2Ftags&post=64733"}],"curies":[{"name":"wp","href":"https:\/\/api.w.org\/{rel}","templated":true}]}}