{"id":64730,"date":"2023-08-18T03:03:51","date_gmt":"2023-08-18T06:03:51","guid":{"rendered":"https:\/\/conurbanodiario.com.ar\/?p=64730"},"modified":"2023-08-20T05:15:31","modified_gmt":"2023-08-20T08:15:31","slug":"sabores-bonaerenses-llega-a-escobar","status":"publish","type":"post","link":"https:\/\/conurbanodiario.com.ar\/?p=64730","title":{"rendered":"SABORES BONAERENSES LLEGA A ESCOBAR"},"content":{"rendered":"\n<p>Este s\u00e1bado 19 de agosto se llevar\u00e1 a cabo la segunda edici\u00f3n de Sabores Bonaerenses, la feria de alimentos artesanales de la provincia de Buenos Aires, en la localidad de Escobar.<\/p>\n\n\n\n<p>El evento, organizado por el Ministerio de Desarrollo Agrario con el acompa\u00f1amiento del Instituto Cultural de la provincia de Buenos Aires y el municipio de Escobar, tendr\u00e1 lugar en el Predio Fiesta de la Flor, ubicado en Mateo Gelves 1050&nbsp;(<a href=\"http:\/\/maps.app.goo.gl\/snfLRCBfwx1DQDiJ6\" target=\"_blank\" rel=\"noreferrer noopener\">maps.app.goo.gl\/snfLRCBfwx1DQDiJ6<\/a>). Ser\u00e1 en el horario de 11 a 19.&nbsp;<\/p>\n\n\n\n<p>Con entrada libre y gratuita, las y los asistentes podr\u00e1n recorrer m\u00e1s de 150 puestos con producciones t\u00edpicas de cada una de las distintas zonas geogr\u00e1ficas de la Provincia. Habr\u00e1 dulces, embutidos, conservas, salsas, condimentos, miel, l\u00e1cteos, y bebidas alcoh\u00f3licas, entre otros alimentos, realizados por peque\u00f1os, medianos y grandes productores bonaerenses.<\/p>\n\n\n\n<p>\u00abDespu\u00e9s de una primera edici\u00f3n en Avellaneda de la que participaron m\u00e1s de 20.000 personas, Sabores Bonaerenses sigue recorriendo la Provincia para que cada vez m\u00e1s consumidores puedan conocer la gran variedad de alimentos que se producen en nuestro territorio y disfrutar la calidad ampliamente reconocida de estas producciones\u00bb, destac\u00f3 el ministro de Desarrollo Agrario, Javier Rodr\u00edguez.&nbsp;<\/p>\n\n\n\n<p>La feria tambi\u00e9n contar\u00e1 con foodtrucks con una amplia oferta gastron\u00f3mica, espect\u00e1culos para toda la familia y un espacio de cocina en vivo a cargo de Juan Braceli.&nbsp;<\/p>\n\n\n\n<p>Adem\u00e1s, se desarrollar\u00e1n actividades l\u00fadicas para los m\u00e1s chicos, y shows musicales para toda la familia de la mano de Kabradepata, La Abuela Cumbiambera, y Facundo Galli.<\/p>\n","protected":false},"excerpt":{"rendered":"<p>Este s\u00e1bado 19 de agosto se llevar\u00e1 a cabo la segunda edici\u00f3n de Sabores Bonaerenses,&#8230;<\/p>\n","protected":false},"author":1,"featured_media":59656,"comment_status":"closed","ping_status":"closed","sticky":false,"template":"","format":"standard","meta":{"footnotes":""},"categories":[28],"tags":[],"class_list":["post-64730","post","type-post","status-publish","format-standard","has-post-thumbnail","hentry","category-la-provincia"],"_links":{"self":[{"href":"https:\/\/conurbanodiario.com.ar\/index.php?rest_route=\/wp\/v2\/posts\/64730","targetHints":{"allow":["GET"]}}],"collection":[{"href":"https:\/\/conurbanodiario.com.ar\/index.php?rest_route=\/wp\/v2\/posts"}],"about":[{"href":"https:\/\/conurbanodiario.com.ar\/index.php?rest_route=\/wp\/v2\/types\/post"}],"author":[{"embeddable":true,"href":"https:\/\/conurbanodiario.com.ar\/index.php?rest_route=\/wp\/v2\/users\/1"}],"replies":[{"embeddable":true,"href":"https:\/\/conurbanodiario.com.ar\/index.php?rest_route=%2Fwp%2Fv2%2Fcomments&post=64730"}],"version-history":[{"count":1,"href":"https:\/\/conurbanodiario.com.ar\/index.php?rest_route=\/wp\/v2\/posts\/64730\/revisions"}],"predecessor-version":[{"id":64732,"href":"https:\/\/conurbanodiario.com.ar\/index.php?rest_route=\/wp\/v2\/posts\/64730\/revisions\/64732"}],"wp:featuredmedia":[{"embeddable":true,"href":"https:\/\/conurbanodiario.com.ar\/index.php?rest_route=\/wp\/v2\/media\/59656"}],"wp:attachment":[{"href":"https:\/\/conurbanodiario.com.ar\/index.php?rest_route=%2Fwp%2Fv2%2Fmedia&parent=64730"}],"wp:term":[{"taxonomy":"category","embeddable":true,"href":"https:\/\/conurbanodiario.com.ar\/index.php?rest_route=%2Fwp%2Fv2%2Fcategories&post=64730"},{"taxonomy":"post_tag","embeddable":true,"href":"https:\/\/conurbanodiario.com.ar\/index.php?rest_route=%2Fwp%2Fv2%2Ftags&post=64730"}],"curies":[{"name":"wp","href":"https:\/\/api.w.org\/{rel}","templated":true}]}}