{"id":64727,"date":"2023-08-18T02:55:45","date_gmt":"2023-08-18T05:55:45","guid":{"rendered":"https:\/\/conurbanodiario.com.ar\/?p=64727"},"modified":"2023-08-20T05:15:31","modified_gmt":"2023-08-20T08:15:31","slug":"presidente-de-conmebol-se-mostro-optimista-con-organizacion-del-mundial-2030-en-sudamerica","status":"publish","type":"post","link":"https:\/\/conurbanodiario.com.ar\/?p=64727","title":{"rendered":"PRESIDENTE DE CONMEBOL SE MOSTR\u00d3 OPTIMISTA CON ORGANIZACI\u00d3N DEL MUNDIAL 2030 EN SUDAM\u00c9RICA"},"content":{"rendered":"\n<p>El presidente de la Confederaci\u00f3n Sudamericana de F\u00fatbol (Conmebol), Alejandro Dom\u00ednguez, dijo que quiere \u00abque el Mundial\u00bb 2030 \u00abse reedite y se juegue aqu\u00ed, donde naci\u00f3 todo\u00bb, en referencia a Uruguay y Argentina, pa\u00edses que comparten candidatura con Chile y Paraguay para ser sedes de la competencia.<\/p>\n\n\n\n<p>Durante un conversatorio organizado en Montevideo por el diario local &#8216;B\u00fasqueda&#8217;, Dom\u00ednguez sostuvo que la FIFA y su presidente, Gianni Infantino, tienen \u00abuna responsabilidad muy grande\u00bb como sociedad del f\u00fatbol para llevar el torneo a Sudam\u00e9rica en su centenario.<\/p>\n\n\n\n<p>\u00abTodos entienden que este mundial hay que festejarlo de forma diferente\u00bb, sostuvo, y remarc\u00f3 el compromiso de los diferentes pa\u00edses involucrados para llevarlo a cabo.<\/p>\n\n\n\n<p>Durante el mismo evento se present\u00f3 el proyecto de remodelaci\u00f3n del Estadio Centenario de Montevideo, donde se jug\u00f3 la primera final de la historia en 1930.<\/p>\n\n\n\n<p>Las actualizaciones principales consisten en reducir la superficie del campo de juego para ampliar la capacidad de las gradas a 72000 espectadores, conservando la l\u00ednea arquitect\u00f3nica. Adem\u00e1s, se planifica la instalaci\u00f3n de un techo sobre todas las tribunas, con excepci\u00f3n del sector donde se ubica la Torre de los Homenajes.<\/p>\n\n\n\n<p>Por su parte, Sebasti\u00e1n Bauz\u00e1, secretario nacional del Deporte de Uruguay, asegur\u00f3: \u00abNos merecemos el mundial y vamos con la organizaci\u00f3n\u00bb.<\/p>\n\n\n\n<p>Tambi\u00e9n sostuvo que un mundialito \u00abno tiene sentido hist\u00f3rico de justicia\u00bb, en referencia al proyecto de organizar un torneo en 2030 con los ocho pa\u00edses campeones del mundo y los ocho mejor posicionados en el ranking FIFA.<\/p>\n\n\n\n<p>Dicho proyecto trasladar\u00eda el mundial oficial al 2031 en Espa\u00f1a, Portugal y Marruecos, el otro grupo de pa\u00edses que present\u00f3 su candidatura.<\/p>\n\n\n\n<p>\u00abHay contendientes en la cancha, pero creo que venimos bien, tenemos las mejores condiciones y la justicia hist\u00f3rica, aunque no sea un \u00edtem de evaluaci\u00f3n\u00bb, coment\u00f3 Bauz\u00e1.<\/p>\n\n\n\n<p>Dom\u00ednguez se reuni\u00f3 el martes pasado con el presidente de Paraguay, Santiago Pe\u00f1a, durante su gala de asunci\u00f3n.<\/p>\n\n\n\n<p>El dirigente se mostr\u00f3 optimista con el compromiso de la nueva administraci\u00f3n y coment\u00f3 tener el apoyo de los gobiernos del Mercosur. <\/p>\n","protected":false},"excerpt":{"rendered":"<p>El presidente de la Confederaci\u00f3n Sudamericana de F\u00fatbol (Conmebol), Alejandro Dom\u00ednguez, dijo que quiere \u00abque&#8230;<\/p>\n","protected":false},"author":1,"featured_media":59656,"comment_status":"closed","ping_status":"closed","sticky":false,"template":"","format":"standard","meta":{"footnotes":""},"categories":[32],"tags":[],"class_list":["post-64727","post","type-post","status-publish","format-standard","has-post-thumbnail","hentry","category-deportes"],"_links":{"self":[{"href":"https:\/\/conurbanodiario.com.ar\/index.php?rest_route=\/wp\/v2\/posts\/64727","targetHints":{"allow":["GET"]}}],"collection":[{"href":"https:\/\/conurbanodiario.com.ar\/index.php?rest_route=\/wp\/v2\/posts"}],"about":[{"href":"https:\/\/conurbanodiario.com.ar\/index.php?rest_route=\/wp\/v2\/types\/post"}],"author":[{"embeddable":true,"href":"https:\/\/conurbanodiario.com.ar\/index.php?rest_route=\/wp\/v2\/users\/1"}],"replies":[{"embeddable":true,"href":"https:\/\/conurbanodiario.com.ar\/index.php?rest_route=%2Fwp%2Fv2%2Fcomments&post=64727"}],"version-history":[{"count":1,"href":"https:\/\/conurbanodiario.com.ar\/index.php?rest_route=\/wp\/v2\/posts\/64727\/revisions"}],"predecessor-version":[{"id":64729,"href":"https:\/\/conurbanodiario.com.ar\/index.php?rest_route=\/wp\/v2\/posts\/64727\/revisions\/64729"}],"wp:featuredmedia":[{"embeddable":true,"href":"https:\/\/conurbanodiario.com.ar\/index.php?rest_route=\/wp\/v2\/media\/59656"}],"wp:attachment":[{"href":"https:\/\/conurbanodiario.com.ar\/index.php?rest_route=%2Fwp%2Fv2%2Fmedia&parent=64727"}],"wp:term":[{"taxonomy":"category","embeddable":true,"href":"https:\/\/conurbanodiario.com.ar\/index.php?rest_route=%2Fwp%2Fv2%2Fcategories&post=64727"},{"taxonomy":"post_tag","embeddable":true,"href":"https:\/\/conurbanodiario.com.ar\/index.php?rest_route=%2Fwp%2Fv2%2Ftags&post=64727"}],"curies":[{"name":"wp","href":"https:\/\/api.w.org\/{rel}","templated":true}]}}