{"id":64721,"date":"2023-08-18T01:00:00","date_gmt":"2023-08-18T04:00:00","guid":{"rendered":"https:\/\/conurbanodiario.com.ar\/?p=64721"},"modified":"2023-08-20T05:15:31","modified_gmt":"2023-08-20T08:15:31","slug":"costo-de-la-canasta-alimentaria-y-de-la-canasta-basica-total-subieron-71-en-julio","status":"publish","type":"post","link":"https:\/\/conurbanodiario.com.ar\/?p=64721","title":{"rendered":"COSTO DE LA CANASTA ALIMENTARIA Y DE LA CANASTA B\u00c1SICA TOTAL SUBIERON 7,1% EN JULIO"},"content":{"rendered":"\n<p>El costo de la canasta b\u00e1sica alimentaria (CBA) subi\u00f3 7,1% en julio, por lo que un grupo familiar compuesto por dos adultos y dos menores necesit\u00f3 percibir ingresos por $111.642 para no caer en la indigencia, inform\u00f3 el Instituto Nacional de Estad\u00edstica y Censos (Indec).<\/p>\n\n\n\n<p>Por su parte, el costo de la canasta b\u00e1sica total (CBT), que adem\u00e1s de alimentos mide precio de la indumentaria, transporte y servicios, tambi\u00e9n marc\u00f3 un incremento de 7,1% en julio, por lo que el mismo grupo familiar necesit\u00f3 contar con ingresos por $248.962 para no caer debajo de la l\u00ednea de la pobreza.<\/p>\n\n\n\n<p>Esta informaci\u00f3n surge luego de que el marte el Indec informara que la inflaci\u00f3n de julio fue de 6,3%.<\/p>\n\n\n\n<p>La divisi\u00f3n con mayor incidencia en en el IPC de julio fue Alimentos y bebidas no alcoh\u00f3licas, con un aumento de 5,8%, en el que se destacaron las subas en los precios de Pan y cereales, as\u00ed como de Carnes y derivados.<\/p>\n\n\n\n<p>Los productos que m\u00e1s se incrementaron fueron la Papa (34,1%), Az\u00facar (17,1%), Yogurt firme (16,7%), Arroz blanco (12,4%), Leche entera en polvo (12%), Dulce de leche (10,8%) y el kilo de Lechuga (10,7%).<\/p>\n\n\n\n<p>Frente a este contexto, el Gobierno alcanz\u00f3 el lunes un nuevo acuerdo de precios que implica aumentos del 5% para los pr\u00f3ximos tres meses, a cambio de mejoras fiscales para las empresas que adhieran a la iniciativa.<\/p>\n\n\n\n<p>De esta forma, en los primeros siete meses del a\u00f1o la canasta alimentaria acumul\u00f3 un aument\u00f3 66,2%, mientras que la canasta b\u00e1sica total subi\u00f3 63,2%, frente a una la inflaci\u00f3n general de 60,2% en el mismo per\u00edodo.<\/p>\n\n\n\n<p>En tanto, en los \u00faltimos doce meses, el costo de la CBA avanz\u00f3 125,7 % y la CBT 123,7 %, en tanto que en similar lapso la inflaci\u00f3n fue de 113,4%.<\/p>\n\n\n\n<p>En medio de este panorama, dos gremios, la Asociaci\u00f3n Bancaria (AB), y el sindicato de Camioneros, pidieron la reapertura de las negociaciones paritarias, para evitar la p\u00e9rdida del poder adquisitivo de sus afiliados.<\/p>\n\n\n\n<p>La Bancaria, a trav\u00e9s de una carta dirigida a la ministra de Trabajo, Raquel Olmos, indic\u00f3 que \u00abes necesario adelantar la negociaci\u00f3n salarial prevista\u201d.<\/p>\n\n\n\n<p>Por su parte, el secretario Gremial del sindicato de Choferes de Camiones, Marcelo Aparicio, en declaraciones a la prensa, advirti\u00f3 \u201cla preocupante situaci\u00f3n de los trabajadores\u201d, y explic\u00f3 que los ingresos experimentaron \u00abuna notable disminuci\u00f3n en relaci\u00f3n con el costo de vida actual\u00bb.<\/p>\n\n\n\n<p>En el plano estad\u00edstico, el Indec tiene previsto informar el 27 de septiembre pr\u00f3ximo la evoluci\u00f3n del \u00cdndice de Pobreza e Indigencia del primer semestre de este a\u00f1o.<\/p>\n\n\n\n<p>Durante el segundo semestre de 2022, \u00faltima medici\u00f3n disponible del \u00edndice, el 39,2% de la poblaci\u00f3n se encontraba por debajo de la l\u00ednea de la pobreza, contra el 37,3% de igual per\u00edodo de 2021.<\/p>\n\n\n\n<p>Entre las personas que se encontraban debajo de la l\u00ednea de pobreza, el nivel de indigentes fue de 6,2% en el segundo semestre del a\u00f1o pasado, frente al 6,1% de igual per\u00edodo anterior.<\/p>\n\n\n\n<p>Entre ambas mediciones, la actividad de la econom\u00eda subi\u00f3 5% en 2022, luego de haber crecido 10,1% en 2021, cuando recuper\u00f3 parte de lo perdido en el 2020 a causa de las medidas de emergencia dispuestas por el Gobierno nacional para combatir la pandemia de Covid-19. <\/p>\n","protected":false},"excerpt":{"rendered":"<p>El costo de la canasta b\u00e1sica alimentaria (CBA) subi\u00f3 7,1% en julio, por lo que&#8230;<\/p>\n","protected":false},"author":1,"featured_media":59656,"comment_status":"closed","ping_status":"closed","sticky":false,"template":"","format":"standard","meta":{"footnotes":""},"categories":[1,5],"tags":[],"class_list":["post-64721","post","type-post","status-publish","format-standard","has-post-thumbnail","hentry","category-noticia-del-dia","category-el-pais"],"_links":{"self":[{"href":"https:\/\/conurbanodiario.com.ar\/index.php?rest_route=\/wp\/v2\/posts\/64721","targetHints":{"allow":["GET"]}}],"collection":[{"href":"https:\/\/conurbanodiario.com.ar\/index.php?rest_route=\/wp\/v2\/posts"}],"about":[{"href":"https:\/\/conurbanodiario.com.ar\/index.php?rest_route=\/wp\/v2\/types\/post"}],"author":[{"embeddable":true,"href":"https:\/\/conurbanodiario.com.ar\/index.php?rest_route=\/wp\/v2\/users\/1"}],"replies":[{"embeddable":true,"href":"https:\/\/conurbanodiario.com.ar\/index.php?rest_route=%2Fwp%2Fv2%2Fcomments&post=64721"}],"version-history":[{"count":1,"href":"https:\/\/conurbanodiario.com.ar\/index.php?rest_route=\/wp\/v2\/posts\/64721\/revisions"}],"predecessor-version":[{"id":64723,"href":"https:\/\/conurbanodiario.com.ar\/index.php?rest_route=\/wp\/v2\/posts\/64721\/revisions\/64723"}],"wp:featuredmedia":[{"embeddable":true,"href":"https:\/\/conurbanodiario.com.ar\/index.php?rest_route=\/wp\/v2\/media\/59656"}],"wp:attachment":[{"href":"https:\/\/conurbanodiario.com.ar\/index.php?rest_route=%2Fwp%2Fv2%2Fmedia&parent=64721"}],"wp:term":[{"taxonomy":"category","embeddable":true,"href":"https:\/\/conurbanodiario.com.ar\/index.php?rest_route=%2Fwp%2Fv2%2Fcategories&post=64721"},{"taxonomy":"post_tag","embeddable":true,"href":"https:\/\/conurbanodiario.com.ar\/index.php?rest_route=%2Fwp%2Fv2%2Ftags&post=64721"}],"curies":[{"name":"wp","href":"https:\/\/api.w.org\/{rel}","templated":true}]}}