{"id":64718,"date":"2023-08-18T01:06:00","date_gmt":"2023-08-18T04:06:00","guid":{"rendered":"https:\/\/conurbanodiario.com.ar\/?p=64718"},"modified":"2023-08-20T05:15:31","modified_gmt":"2023-08-20T08:15:31","slug":"fernandez-hay-un-candidato-que-quiere-destruir-el-conicet-pero-sus-resultados-son-un-orgullo","status":"publish","type":"post","link":"https:\/\/conurbanodiario.com.ar\/?p=64718","title":{"rendered":"FERN\u00c1NDEZ: &#8220;HAY UN CANDIDATO QUE QUIERE DESTRUIR EL CONICET, PERO SUS RESULTADOS SON UN ORGULLO&#8221;"},"content":{"rendered":"\n<p>El presidente Alberto Fern\u00e1ndez destac\u00f3 el trabajo de una empresa argentina que busca \u00abdesarrollar productos para tratar pacientes con c\u00e1ncer\u00bb y se\u00f1al\u00f3 que \u00abhay un candidato\u00bb presidencial, Javier Milei, \u00abque quiere destruir\u00bb el Ministerio de Ciencia y el Conicet, aunque los resultados de estos organismos p\u00fablicos \u00abson un orgullo\u00bb.<\/p>\n\n\n\n<p>\u00abPor primera vez Argentina present\u00f3 una empresa biotecnol\u00f3gica para desarrollar productos para tratar pacientes con c\u00e1ncer, enfermedades autoinmunes e inflamatorias\u00bb, escribi\u00f3 Fern\u00e1ndez en su cuenta de Twitter.<\/p>\n\n\n\n<p>Y apunt\u00f3: \u00abHay un candidato que quiere destruir el ministerio de Ciencia, Tecnolog\u00eda e Innovaci\u00f3n, y el Conicet, pero sus resultados son un orgullo\u00bb, en referencia a las recientes declaraciones del l\u00edder de La Libertad Avanza, Javier Milei, quien propuso cerrar la cartera de Ciencia y privatizar el organismo cient\u00edfico.<\/p>\n\n\n\n<p>En ese sentido, el jefe de Estado indic\u00f3 que la empresa \u00abGALTEC transformar\u00e1 30 a\u00f1os de descubrimientos en nuevas estrategias terap\u00e9uticas, sobre una mol\u00e9cula caracterizada en nuestro pa\u00eds\u00bb.<\/p>\n\n\n\n<p>\u00abAgradezco a Gabriel Rabinovich, investigador del CONICET, y a las y los cient\u00edficos que d\u00eda tras d\u00eda mejoran la vida de la gente\u00bb, expres\u00f3 sobre el creador de Galtec.<\/p>\n\n\n\n<p>Fern\u00e1ndez tambi\u00e9n destac\u00f3 unas palabras de Rabinovich: \u00abTodos estos descubrimientos no hubieran sido posibles sin el CONICET y el Ministerio de Ciencia, Tecnolog\u00eda e Innovaci\u00f3n. A su vez, este proyecto involucr\u00f3 a un enorme n\u00famero de becarios, investigadores y t\u00e9cnicos del CONICET\u00bb.<\/p>\n\n\n\n<p>\u00abEste es el camino\u00bb, concluy\u00f3 el mandatario.<\/p>\n\n\n\n<p>En un acto celebrado en el Instituto de Biolog\u00eda y Medicina Experimental (IBYME, CONICET-F-IBYME), se lanz\u00f3 hoy GALTEC, una empresa argentina de base tecnol\u00f3gica creada por el investigador del CONICET Gabriel Rabinovich junto a colegas del Consejo y profesionales de distintas disciplinas.<\/p>\n\n\n\n<p>El objetivo de GALTEC es el desarrollo de estrategias terap\u00e9uticas para el tratamiento de c\u00e1ncer, enfermedades inflamatorias y autoinmunes.<\/p>\n","protected":false},"excerpt":{"rendered":"<p>El presidente Alberto Fern\u00e1ndez destac\u00f3 el trabajo de una empresa argentina que busca \u00abdesarrollar productos&#8230;<\/p>\n","protected":false},"author":1,"featured_media":59656,"comment_status":"closed","ping_status":"closed","sticky":false,"template":"","format":"standard","meta":{"footnotes":""},"categories":[5],"tags":[],"class_list":["post-64718","post","type-post","status-publish","format-standard","has-post-thumbnail","hentry","category-el-pais"],"_links":{"self":[{"href":"https:\/\/conurbanodiario.com.ar\/index.php?rest_route=\/wp\/v2\/posts\/64718","targetHints":{"allow":["GET"]}}],"collection":[{"href":"https:\/\/conurbanodiario.com.ar\/index.php?rest_route=\/wp\/v2\/posts"}],"about":[{"href":"https:\/\/conurbanodiario.com.ar\/index.php?rest_route=\/wp\/v2\/types\/post"}],"author":[{"embeddable":true,"href":"https:\/\/conurbanodiario.com.ar\/index.php?rest_route=\/wp\/v2\/users\/1"}],"replies":[{"embeddable":true,"href":"https:\/\/conurbanodiario.com.ar\/index.php?rest_route=%2Fwp%2Fv2%2Fcomments&post=64718"}],"version-history":[{"count":2,"href":"https:\/\/conurbanodiario.com.ar\/index.php?rest_route=\/wp\/v2\/posts\/64718\/revisions"}],"predecessor-version":[{"id":64864,"href":"https:\/\/conurbanodiario.com.ar\/index.php?rest_route=\/wp\/v2\/posts\/64718\/revisions\/64864"}],"wp:featuredmedia":[{"embeddable":true,"href":"https:\/\/conurbanodiario.com.ar\/index.php?rest_route=\/wp\/v2\/media\/59656"}],"wp:attachment":[{"href":"https:\/\/conurbanodiario.com.ar\/index.php?rest_route=%2Fwp%2Fv2%2Fmedia&parent=64718"}],"wp:term":[{"taxonomy":"category","embeddable":true,"href":"https:\/\/conurbanodiario.com.ar\/index.php?rest_route=%2Fwp%2Fv2%2Fcategories&post=64718"},{"taxonomy":"post_tag","embeddable":true,"href":"https:\/\/conurbanodiario.com.ar\/index.php?rest_route=%2Fwp%2Fv2%2Ftags&post=64718"}],"curies":[{"name":"wp","href":"https:\/\/api.w.org\/{rel}","templated":true}]}}