{"id":64712,"date":"2023-08-18T02:01:17","date_gmt":"2023-08-18T05:01:17","guid":{"rendered":"https:\/\/conurbanodiario.com.ar\/?p=64712"},"modified":"2023-08-20T05:15:31","modified_gmt":"2023-08-20T08:15:31","slug":"mar-del-plata-sobreseyeron-a-una-joven-por-el-crimen-de-su-pareja-al-entender-que-era-victima-de-violencia-de-genero","status":"publish","type":"post","link":"https:\/\/conurbanodiario.com.ar\/?p=64712","title":{"rendered":"MAR DEL PLATA: SOBRESEYERON A UNA JOVEN POR EL CRIMEN DE SU PAREJA, AL ENTENDER QUE ERA V\u00cdCTIMA DE VIOLENCIA DE G\u00c9NERO"},"content":{"rendered":"\n<p>Una joven de 24 a\u00f1os que hab\u00eda sido imputada por asesinar de un cuchillazo a su pareja en enero \u00faltimo en una casa de la ciudad de Mar del Plata fue sobrese\u00edda por un juez de Garant\u00edas, que entendi\u00f3 que la mujer actu\u00f3 en defensa propia y la de su hijo, al ser agredida a golpes muertas ten\u00eda a su beb\u00e9 en brazos, informaron fuentes judiciales.<\/p>\n\n\n\n<p>La mujer estaba acusada por el homicidio de Alan Yair Salinas (26), a quien apu\u00f1al\u00f3 en el t\u00f3rax en la tarde del \u00faltimo 24 de enero, en el interior de la vivienda que compart\u00edan en el barrio Libertad, en la zona oeste de la localidad balnearia.<\/p>\n\n\n\n<p>El titular del Juzgado de Garant\u00edas 4, Juan Tapia, consider\u00f3 que la joven se defendi\u00f3 tras ser agredida, y que el hecho se dio adem\u00e1s en el \u00abmarco de violencia y sumisi\u00f3n tanto f\u00edsica como emocional\u00bb en el que ella viv\u00eda, \u00abdel que Salinas era responsable\u00bb.<\/p>\n\n\n\n<p>Tapia se\u00f1al\u00f3 que la agresi\u00f3n del hombre hacia su pareja el d\u00eda del homicidio \u00abse enmarca en un accionar ileg\u00edtimo, que adem\u00e1s resultaba ser una conducta repetitiva\u00bb de su parte, y que la imputada no tuvo intenci\u00f3n de matarlo, sino que se defendi\u00f3 con un cuchillo que tuvo a disposici\u00f3n en el momento.<\/p>\n\n\n\n<p>La resoluci\u00f3n del juez fue en l\u00ednea con el pedido de la fiscal Andrea G\u00f3mez, titular de la Unidad Funcional de Instrucci\u00f3n (UFI) 4 de Mar del Plata, que estuvo al frente de la investigaci\u00f3n.<\/p>\n\n\n\n<p>G\u00f3mez consider\u00f3 al pedir el sobreseimiento que a partir de \u00abun estudio conglobado de la totalidad de los elementos reunidos, puede demostrarse\u00bb que la joven actu\u00f3 \u00aben defensa propia y de su hijo\u00bb al \u00abrepeler una agresi\u00f3n ileg\u00edtima, generada sin provocaci\u00f3n alguna por parte de ella\u00bb, en un contexto de violencia de g\u00e9nero.<\/p>\n\n\n\n<p>De acuerdo a la investigaci\u00f3n del hecho, Salinas atac\u00f3 a la mujer en una vivienda ubicada en 3 de Febrero al 9700 en la tarde del 24 de enero \u00faltimo, y ella se defendi\u00f3 con un cuchillo tipo tramontina.<\/p>\n\n\n\n<p>El hombre sufri\u00f3 una herida en el pecho y recibi\u00f3 atenci\u00f3n m\u00e9dica tras ser trasladado por un vecino a una sala de salud cercana, pero luego fue derivado en ambulancia al Hospital Interzonal General de Agudos a causa de la lesi\u00f3n, donde finalmente muri\u00f3.<\/p>\n\n\n\n<p>Tras el fallecimiento, la joven fue detenida e imputada por el delito de \u00abhomicidio agravado por el v\u00ednculo\u00bb.<\/p>\n\n\n\n<p>Al ser indagada por la fiscal, asegur\u00f3 que se defendi\u00f3 luego de que su pareja le peg\u00f3 \u00abtres pi\u00f1as en la cabeza\u00bb mientras ella \u00abten\u00eda el beb\u00e9 a upa\u00bb.<\/p>\n\n\n\n<p>Seg\u00fan precis\u00f3 en su declaraci\u00f3n, luego de empujarlo y pedirle que dejara de pegarle, el volvi\u00f3 a agredirla.<\/p>\n\n\n\n<p>\u00abYo lo empujo y le digo que no me pegue m\u00e1s. Se acerca para volver a pegarme y manoteo lo primero que ten\u00eda cerca. \u00c9l se me abalanza y ah\u00ed yo con la mano que tengo libre atino a querer asustarlo. Nunca quise quise lastimarlo\u00bb, se\u00f1al\u00f3.<\/p>\n\n\n\n<p>La mujer relat\u00f3 adem\u00e1s que desde hac\u00eda tiempo era v\u00edctima de violencia de g\u00e9nero, y que una serie de golpes que ten\u00eda en una pierna eran de la semana anterior al homicidio, cuando \u00e9l le peg\u00f3 una pi\u00f1a y la tir\u00f3 al suelo.<\/p>\n\n\n\n<p>Testigos que declararon en la causa aseguraron que era algo normal escuchar gritos de pelea entre la pareja desde la calle, y un vecino agreg\u00f3 que Salinas era \u00abhiperactivo y grit\u00f3n\u00bb.<\/p>\n\n\n\n<p>Una t\u00eda de la imputada que vive en una casa ubicada sobre el mismo lote que su sobrina declar\u00f3 por su parte que el hombre ejerc\u00eda \u00abviolencia verbal sobre ella y la denigraba constantemente\u00bb, que \u00abla degradaba como mujer\u00bb y que le \u00abarrojaba platos\u00bb.<\/p>\n\n\n\n<p>Relat\u00f3 adem\u00e1s: \u00abElla me dec\u00eda que le dol\u00eda la muela, y yo le daba ibuprofeno, pero despu\u00e9s me daba cuenta que era porque \u00e9l le pegaba. Una vez me pareci\u00f3 que le vi algo en el cuello, pero como era invierno y ella se pon\u00eda bufandas, siempre con el beb\u00e9 a\u00fapa. Un d\u00eda lleg\u00f3 y le dijo \u00b4dale, mov\u00e9, mov\u00e9, hac\u00e9 la comida y despu\u00e9s hablamos\u00b4. Despu\u00e9s le dec\u00eda que era una puta mugrienta, yo lo escuchaba desde mi casa\u00bb.<\/p>\n\n\n\n<p>\u00abSiempre tuve miedo de que le hiciera algo m\u00e1s, por eso no me met\u00eda\u00bb, expres\u00f3 la testigo.<\/p>\n\n\n\n<p>Un informe realizado por un perito en el marco de la causa determin\u00f3 a su vez que en el tel\u00e9fono de la imputada fueron halladas fotos \u00aben donde se evidencian rastros de violencia f\u00edsica\u00bb, as\u00ed como audios de ella en los que ped\u00eda ayuda llorando.<\/p>\n\n\n\n<p>Mensajes intercambiados entre el hombre y la mujer exhib\u00edan adem\u00e1s \u00abun trato autoritario\u00bb de parte de \u00e9l, con frases como \u00absi yo voy y los encuentro vas a ver\u00bb o \u00abno me hagas calentar\u00bb, y que ella hab\u00eda intentado en distintas ocasiones que \u00e9l dejara el monoambiente en el que viv\u00edan.<\/p>\n\n\n\n<p>El juez se\u00f1al\u00f3 que la mujer \u00abten\u00eda buenas razones\u00bb al ser golpeada el d\u00eda del hecho \u00abpara temer que ese acto de agresi\u00f3n se repitiera o que el desenlace del mismo fuera a\u00fan mas grave para su persona y para la de su hijo, a quien sosten\u00eda en brazos al momento del hecho\u00bb, y subray\u00f3 que \u00abde ello se deriva la inminente necesidad de defenderse de ese ataque con lo que pudiera en ese momento\u00bb. <\/p>\n","protected":false},"excerpt":{"rendered":"<p>Una joven de 24 a\u00f1os que hab\u00eda sido imputada por asesinar de un cuchillazo a&#8230;<\/p>\n","protected":false},"author":1,"featured_media":59656,"comment_status":"closed","ping_status":"closed","sticky":false,"template":"","format":"standard","meta":{"footnotes":""},"categories":[29],"tags":[],"class_list":["post-64712","post","type-post","status-publish","format-standard","has-post-thumbnail","hentry","category-judiciales"],"_links":{"self":[{"href":"https:\/\/conurbanodiario.com.ar\/index.php?rest_route=\/wp\/v2\/posts\/64712","targetHints":{"allow":["GET"]}}],"collection":[{"href":"https:\/\/conurbanodiario.com.ar\/index.php?rest_route=\/wp\/v2\/posts"}],"about":[{"href":"https:\/\/conurbanodiario.com.ar\/index.php?rest_route=\/wp\/v2\/types\/post"}],"author":[{"embeddable":true,"href":"https:\/\/conurbanodiario.com.ar\/index.php?rest_route=\/wp\/v2\/users\/1"}],"replies":[{"embeddable":true,"href":"https:\/\/conurbanodiario.com.ar\/index.php?rest_route=%2Fwp%2Fv2%2Fcomments&post=64712"}],"version-history":[{"count":1,"href":"https:\/\/conurbanodiario.com.ar\/index.php?rest_route=\/wp\/v2\/posts\/64712\/revisions"}],"predecessor-version":[{"id":64713,"href":"https:\/\/conurbanodiario.com.ar\/index.php?rest_route=\/wp\/v2\/posts\/64712\/revisions\/64713"}],"wp:featuredmedia":[{"embeddable":true,"href":"https:\/\/conurbanodiario.com.ar\/index.php?rest_route=\/wp\/v2\/media\/59656"}],"wp:attachment":[{"href":"https:\/\/conurbanodiario.com.ar\/index.php?rest_route=%2Fwp%2Fv2%2Fmedia&parent=64712"}],"wp:term":[{"taxonomy":"category","embeddable":true,"href":"https:\/\/conurbanodiario.com.ar\/index.php?rest_route=%2Fwp%2Fv2%2Fcategories&post=64712"},{"taxonomy":"post_tag","embeddable":true,"href":"https:\/\/conurbanodiario.com.ar\/index.php?rest_route=%2Fwp%2Fv2%2Ftags&post=64712"}],"curies":[{"name":"wp","href":"https:\/\/api.w.org\/{rel}","templated":true}]}}