{"id":64706,"date":"2023-08-21T01:05:51","date_gmt":"2023-08-21T04:05:51","guid":{"rendered":"https:\/\/conurbanodiario.com.ar\/?p=64706"},"modified":"2023-08-18T01:51:28","modified_gmt":"2023-08-18T04:51:28","slug":"comision-de-diputados-tratara-proyecto-peronista-que-protege-la-venta-de-acciones-de-aerolineas","status":"publish","type":"post","link":"https:\/\/conurbanodiario.com.ar\/?p=64706","title":{"rendered":"COMISI\u00d3N DE DIPUTADOS TRATAR\u00c1 PROYECTO PERONISTA QUE PROTEGE LA VENTA DE ACCIONES DE AEROL\u00cdNEAS"},"content":{"rendered":"\n<p>La comisi\u00f3n de Legislaci\u00f3n General de la C\u00e1mara de Diputados tratar\u00e1 el pr\u00f3ximo martes el proyecto de ley del oficialista M\u00e1ximo Kirchner que busca reformar la ley de estatizaci\u00f3n de Aerol\u00edneas Argentinas para prohibir la transferencias de acciones de la l\u00ednea \u00e1rea sin la autorizaci\u00f3n de los dos tercios de los miembros de la C\u00e1mara baja y del Senado.<\/p>\n\n\n\n<p>La iniciativa apunta a evitar que en el futuro se intente un desguace sin la intervenci\u00f3n del Congreso ante el hecho de que los candidatos presidenciales de Juntos por el Cambio, Patricia Bullrich, y de La Libertad Avanza, Javier Milei, \u00abhablan de privatizar empresas p\u00fablicas\u00bb, se\u00f1al\u00f3 el equipo de trabajo de Kirchner en un comunicado.<\/p>\n\n\n\n<p>Seg\u00fan estimaron fuentes cercanas a la bancada oficialista, en la reuni\u00f3n prevista para las 14 \u00abse buscar\u00e1 emitir dictamen\u00bb, teniendo en cuenta que en la comisi\u00f3n de Legislaci\u00f3n el Frente de Todos cuenta con mayor\u00eda.<\/p>\n\n\n\n<p>La bancada presidida por Germ\u00e1n Mart\u00ednez cuenta con 16 de los 31 integrantes, mientras que JxC suma 14 y el interbloque Federal, 1.<\/p>\n\n\n\n<p>En los fundamentos del proyecto presentado el 17 de julio, Kirchner plante\u00f3 que el objetivo es \u00abproteger lo conseguido y ahuyentar a los &#8216;fantasmas privatizadores'\u00bb, como tambi\u00e9n \u00abponer l\u00edmites a quienes disfrazados de eficientes gestionadores privados lo \u00fanico que han hecho es utilizar al Estado como fuente de financiamiento de ping\u00fces negocios personales\u00bb.<\/p>\n\n\n\n<p>La iniciativa propone reformar la ley 26466\/08, que declar\u00f3 de utilidad p\u00fablica y sujetas a expropiaci\u00f3n las acciones de las Aerol\u00edneas Argentinas S.A. y Austral S.A., y proh\u00edbe expresamente \u00abla transferencia de las acciones\u00bb sin una autorizaci\u00f3n previa del Congreso.<\/p>\n\n\n\n<p>El proyecto detalla que la autorizaci\u00f3n del Congreso a cualquier transferencia de acciones de Aerol\u00edneas requerir\u00e1 de la aprobaci\u00f3n con el voto favorable \u00abde las dos terceras partes del total de los miembros de cada C\u00e1mara\u00bb.<\/p>\n\n\n\n<p>Para modificar la ley 26466, la propuesta promueve incorporar un p\u00e1rrafo al primer art\u00edculo de la normativa, lo que que permitir\u00eda incluir en el texto de la norma el mismo requisito que figura en el art\u00edculo 10 de la ley 26741\/2012, por la cual se expropi\u00f3 el 51% de las acciones de la petrolera YPF.<\/p>\n\n\n\n<p>En el art\u00edculo 10 de la ley que pas\u00f3 al Estado la mayor\u00eda del paquete accionario de YPF se dej\u00f3 constancia que, como la expropiaci\u00f3n se debi\u00f3 a una causa de utilidad p\u00fablica, \u00abse encuentra prohibida la transferencia futura de ellas sin autorizaci\u00f3n del Honorable Congreso de la Naci\u00f3n votada por las dos terceras partes de sus miembros\u00bb.<\/p>\n\n\n\n<p>En el resumen que acompa\u00f1a el proyecto se plante\u00f3 que la necesidad de restringir a trav\u00e9s de una ley cualquier cesi\u00f3n o transferencia de acciones se debe a la proliferaci\u00f3n de \u00abdiscursos irresponsables, alejados de la mirada estrat\u00e9gica que debe tener la construcci\u00f3n de un pa\u00eds para todos y todas\u00bb.<\/p>\n\n\n\n<p>\u00abSe pretende volver a cero el esfuerzo que tanto le ha costado al pueblo argentino para reconstruir las empresas p\u00fablicas luego de la estafa de las privatizaciones. Otra vez se impulsa la excusa de una empresa deficitaria que debe cerrar o debe estar en manos privadas, como una idea nueva\u00bb, se advirti\u00f3.<\/p>\n\n\n\n<p>Adem\u00e1s, se remarc\u00f3 que las voces opositoras que impulsan la privatizaci\u00f3n total o parcial de Aerol\u00edneas \u00abignoran la importancia que genera una l\u00ednea de bandera\u00bb y omiten hablar \u00abde los 11.029 puestos de trabajo que deben protegerse de manera directa y de los otros 92.652 promovidos de manera indirecta\u00bb.<\/p>\n\n\n\n<p>Desde un planteo similar a lo que sostenido por la vicepresidenta Cristina Kirchner, el diputado Kirchner destac\u00f3 el rol clave que adquiere la empresa \u00abpara todos aquellos que trabajan y viven en nuestro extenso territorio nacional\u00bb, en particular para los que residen en lugares a los que \u00abpor razones antiecon\u00f3micas no llegan ni llegar\u00e1n explotadores a\u00e9reos privados\u00bb.<\/p>\n\n\n\n<p>La presentaci\u00f3n del proyecto se concret\u00f3 luego de que, en el marco de la campa\u00f1a de las PASO, Bullrich manifestara que \u00ablas empresas tienen que financiarse\u00bb.<\/p>\n\n\n\n<p>Defini\u00f3 a Aerol\u00edneas como \u00abun gasto que utiliza una cantidad minoritaria de personas\u00bb y propuso desregular el mercado aerocomercial: \u00abAerol\u00edneas deber\u00e1 tener d\u00e9ficit cero, si no se tendr\u00e1 que arreglar\u00bb.<\/p>\n\n\n\n<p>Por su parte, Milei sostuvo que las empresas \u00abYPF y Aerol\u00edneas Argentinas tienen que ser privatizadas\u00bb, y a\u00f1adi\u00f3 que \u00abnada de lo que se haga desde el Estado\u00bb puede ser considerado como \u00abeficiente\u00bb.<\/p>\n","protected":false},"excerpt":{"rendered":"<p>La comisi\u00f3n de Legislaci\u00f3n General de la C\u00e1mara de Diputados tratar\u00e1 el pr\u00f3ximo martes el&#8230;<\/p>\n","protected":false},"author":1,"featured_media":59656,"comment_status":"closed","ping_status":"closed","sticky":false,"template":"","format":"standard","meta":{"footnotes":""},"categories":[5],"tags":[],"class_list":["post-64706","post","type-post","status-publish","format-standard","has-post-thumbnail","hentry","category-el-pais"],"_links":{"self":[{"href":"https:\/\/conurbanodiario.com.ar\/index.php?rest_route=\/wp\/v2\/posts\/64706","targetHints":{"allow":["GET"]}}],"collection":[{"href":"https:\/\/conurbanodiario.com.ar\/index.php?rest_route=\/wp\/v2\/posts"}],"about":[{"href":"https:\/\/conurbanodiario.com.ar\/index.php?rest_route=\/wp\/v2\/types\/post"}],"author":[{"embeddable":true,"href":"https:\/\/conurbanodiario.com.ar\/index.php?rest_route=\/wp\/v2\/users\/1"}],"replies":[{"embeddable":true,"href":"https:\/\/conurbanodiario.com.ar\/index.php?rest_route=%2Fwp%2Fv2%2Fcomments&post=64706"}],"version-history":[{"count":1,"href":"https:\/\/conurbanodiario.com.ar\/index.php?rest_route=\/wp\/v2\/posts\/64706\/revisions"}],"predecessor-version":[{"id":64708,"href":"https:\/\/conurbanodiario.com.ar\/index.php?rest_route=\/wp\/v2\/posts\/64706\/revisions\/64708"}],"wp:featuredmedia":[{"embeddable":true,"href":"https:\/\/conurbanodiario.com.ar\/index.php?rest_route=\/wp\/v2\/media\/59656"}],"wp:attachment":[{"href":"https:\/\/conurbanodiario.com.ar\/index.php?rest_route=%2Fwp%2Fv2%2Fmedia&parent=64706"}],"wp:term":[{"taxonomy":"category","embeddable":true,"href":"https:\/\/conurbanodiario.com.ar\/index.php?rest_route=%2Fwp%2Fv2%2Fcategories&post=64706"},{"taxonomy":"post_tag","embeddable":true,"href":"https:\/\/conurbanodiario.com.ar\/index.php?rest_route=%2Fwp%2Fv2%2Ftags&post=64706"}],"curies":[{"name":"wp","href":"https:\/\/api.w.org\/{rel}","templated":true}]}}