{"id":64703,"date":"2023-08-18T01:34:32","date_gmt":"2023-08-18T04:34:32","guid":{"rendered":"https:\/\/conurbanodiario.com.ar\/?p=64703"},"modified":"2023-08-20T05:15:31","modified_gmt":"2023-08-20T08:15:31","slug":"canasta-crianza-en-julio-fue-de-120-970-para-menores-de-1-ano-y-142-436-para-entre-1-y-3-anos","status":"publish","type":"post","link":"https:\/\/conurbanodiario.com.ar\/?p=64703","title":{"rendered":"CANASTA CRIANZA EN JULIO FUE DE $120.970 PARA MENORES DE 1 A\u00d1O Y $142.436 PARA ENTRE 1 Y 3 A\u00d1OS"},"content":{"rendered":"\n<p>La Canasta Crianza fue en julio de $ 120.970 para los menores de un a\u00f1o; de $ 142.436 para los de entre uno y tres a\u00f1os; de $ 112.640 para las criaturas de entre cuatro y cinco a\u00f1os; y de $ 105.807 para los de entre seis y doce a\u00f1os, inform\u00f3 el Instituto Nacional de Estad\u00edstica y Censos (Indec).<\/p>\n\n\n\n<p>Este indicador releva por un lado los costos mensuales de los bienes y servicios esenciales para la protecci\u00f3n de los grupos etarios menores de edad y tambi\u00e9n el costo del cuidado que es el tiempo -horas- requerido para cada uno de los tramos de edad de ni\u00f1os, ni\u00f1as y adolescentes.<\/p>\n\n\n\n<p>En tanto, el costo mensual espec\u00edfico de bienes y servicios comprende a alimentaci\u00f3n, vestimenta, educaci\u00f3n, vivienda, traslado, y cuidado de los ni\u00f1os, ni\u00f1as y adolescentes.<\/p>\n\n\n\n<p>De manera especifica, el costo mensual de bienes y servicios para cada tramo de edad en julio fue de $ 28.200 para menores de un a\u00f1o, $ 36.412 entre uno y tres a\u00f1os, $ 46.375 entre cuatro y cinco a\u00f1os y $ 57.529 entre seis y 12 a\u00f1os.<\/p>\n\n\n\n<p>Mientras que el costo mensual del cuidado de cada grupo etario en julio fue de $ 92.770 para menores de un a\u00f1os, $ 106.023 entre uno y tres a\u00f1os, $ 66.265 entre cuatro y cinco a\u00f1os y $ 48.288 entre seis y 12 a\u00f1os.<\/p>\n\n\n\n<p>Para la estimaci\u00f3n del costo del cuidado de ni\u00f1os y adolescentes, el Indec consider\u00f3 \u201cen primer t\u00e9rmino el tiempo te\u00f3rico requerido de cuidado para cada uno de los tramos de edad\u00bb.<\/p>\n\n\n\n<p>La canasta de crianza durante julio de 2023 se valoriz\u00f3 en:<\/p>\n\n\n\n<p>&#8211; $120.970 para menores de 1 a\u00f1o.<\/p>\n\n\n\n<p>&#8211; $142.436 para infantes de 1 a 3 a\u00f1os.<\/p>\n\n\n\n<p>&#8211; $112.640 para los tramos de 4 y 5 a\u00f1os.<\/p>\n\n\n\n<p>&#8211; $105.817 para ni\u00f1os, ni\u00f1as y adolescentes de 6 a 12 a\u00f1os.<\/p>\n\n\n\n<p>A su vez, las horas de cuidado se valorizan tomando la remuneraci\u00f3n de la categor\u00eda \u201cAsistencia y cuidado de personas\u201d del R\u00e9gimen Especial de Contrato de Trabajo para el Personal de Casas Particulares.<\/p>\n\n\n\n<p>Uno de los objetivos del \u00edndice es que sea utilizado por el Poder Judicial como referencia en los litigios por cuota alimentaria, en base a los expresado en marzo pasado por el ministro de Econom\u00eda, Sergio Massa, al anunciar la puesta en marcha de este indicador.<\/p>\n\n\n\n<p>Un dato novedoso fue que durante el corriente mes, la jueza de Familia del Departamento Judicial de Lomas de Zamora, Bel\u00e9n Loguercio, tom\u00f3 como referencia este indicador para dictar sentencia.<\/p>\n\n\n\n<p>\u201cF\u00edjese cuota alimentaria provisoria, en el equivalente al 50 por ciento de la canasta de crianza fijada por el Instituto Nacional de Estad\u00edstica y Censos (Indec) para la franja etaria de 6 a 12 a\u00f1os\u201d, sostuvo Loguercio en su fallo. <\/p>\n","protected":false},"excerpt":{"rendered":"<p>La Canasta Crianza fue en julio de $ 120.970 para los menores de un a\u00f1o;&#8230;<\/p>\n","protected":false},"author":1,"featured_media":59656,"comment_status":"closed","ping_status":"closed","sticky":false,"template":"","format":"standard","meta":{"footnotes":""},"categories":[5],"tags":[],"class_list":["post-64703","post","type-post","status-publish","format-standard","has-post-thumbnail","hentry","category-el-pais"],"_links":{"self":[{"href":"https:\/\/conurbanodiario.com.ar\/index.php?rest_route=\/wp\/v2\/posts\/64703","targetHints":{"allow":["GET"]}}],"collection":[{"href":"https:\/\/conurbanodiario.com.ar\/index.php?rest_route=\/wp\/v2\/posts"}],"about":[{"href":"https:\/\/conurbanodiario.com.ar\/index.php?rest_route=\/wp\/v2\/types\/post"}],"author":[{"embeddable":true,"href":"https:\/\/conurbanodiario.com.ar\/index.php?rest_route=\/wp\/v2\/users\/1"}],"replies":[{"embeddable":true,"href":"https:\/\/conurbanodiario.com.ar\/index.php?rest_route=%2Fwp%2Fv2%2Fcomments&post=64703"}],"version-history":[{"count":1,"href":"https:\/\/conurbanodiario.com.ar\/index.php?rest_route=\/wp\/v2\/posts\/64703\/revisions"}],"predecessor-version":[{"id":64705,"href":"https:\/\/conurbanodiario.com.ar\/index.php?rest_route=\/wp\/v2\/posts\/64703\/revisions\/64705"}],"wp:featuredmedia":[{"embeddable":true,"href":"https:\/\/conurbanodiario.com.ar\/index.php?rest_route=\/wp\/v2\/media\/59656"}],"wp:attachment":[{"href":"https:\/\/conurbanodiario.com.ar\/index.php?rest_route=%2Fwp%2Fv2%2Fmedia&parent=64703"}],"wp:term":[{"taxonomy":"category","embeddable":true,"href":"https:\/\/conurbanodiario.com.ar\/index.php?rest_route=%2Fwp%2Fv2%2Fcategories&post=64703"},{"taxonomy":"post_tag","embeddable":true,"href":"https:\/\/conurbanodiario.com.ar\/index.php?rest_route=%2Fwp%2Fv2%2Ftags&post=64703"}],"curies":[{"name":"wp","href":"https:\/\/api.w.org\/{rel}","templated":true}]}}