{"id":64700,"date":"2023-08-18T01:01:00","date_gmt":"2023-08-18T04:01:00","guid":{"rendered":"https:\/\/conurbanodiario.com.ar\/?p=64700"},"modified":"2023-08-20T05:15:31","modified_gmt":"2023-08-20T08:15:31","slug":"mas-familias-de-berazategui-firmaron-sus-escrituras","status":"publish","type":"post","link":"https:\/\/conurbanodiario.com.ar\/?p=64700","title":{"rendered":"M\u00c1S FAMILIAS DE BERAZATEGUI FIRMARON SUS ESCRITURAS"},"content":{"rendered":"\n<p>Treinta familias de Berazategui firmaron sus escrituras de propiedad, en un acto encabezado por el intendente Juan Jos\u00e9 Mussi y la titular de la Agencia de Tierras y H\u00e1bitat municipal, Luc\u00eda Vega. Gracias a este tr\u00e1mite, realizado gratuitamente a trav\u00e9s de la Municipalidad y del Programa Provincial Mi escritura, mi casa, los vecinos beneficiados pudieron ahorrar m\u00e1s de $300.000 y $40.000 extras quienes incluyeron la afectaci\u00f3n a vivienda (ex Bien de Familia).<\/p>\n\n\n\n<p>En ese sentido, Mussi asegur\u00f3 que \u00abeste es uno de los actos m\u00e1s lindos, porque firmar las escrituras significa haber pasado todos los procesos y tener la seguridad del techo propio. Esto es algo que mucha gente grande despu\u00e9s le puede dejar a sus hijos y a sus nietos\u201d.<\/p>\n\n\n\n<p>Adem\u00e1s, el Intendente remarc\u00f3: \u201cYo vi crecer a Berazategui y s\u00e9 que puede seguir creciendo si los vecinos y las vecinas son propietarios. Tener una casa siempre incluye la necesidad de mejorarla y ac\u00e1 lo pueden hacer con el orgullo de sentirse los due\u00f1os de sus propiedades\u201d.<\/p>\n\n\n\n<p>En tanto, Luc\u00eda Vega felicit\u00f3 a las familias que finalizaron sus tr\u00e1mites: \u201cLes agradezco por la paciencia y por confiar. S\u00e9 que, en algunos casos, han esperado mucho tiempo. Me alegra mucho que haya llegado este momento, porque eso significa que dentro de poco van a poder recibir su escritura\u201d.<\/p>\n\n\n\n<p>Entre los vecinos beneficiados, se encuentra Ar\u00edstides Gim\u00e9nez L\u00f3pez. Su caso es particular, ya que firm\u00f3 que las escrituras de sus tres unidades funcionales pasen a su familia. \u201cLe agradezco al intendente Mussi, porque habr\u00eda sido muy dif\u00edcil hacer esto por mis propios medios. Es muy importante hacer este tr\u00e1mite, sobre todo para el futuro de mis hijos y mis nietos. Ahora ellos van a poder seguir progresando\u201d, expres\u00f3 Ar\u00edstides.<\/p>\n\n\n\n<p>Tambi\u00e9n participaron: las escribanas Mar\u00eda de los \u00c1ngeles Villanueva y Mariana Scalise; integrantes del Gabinete municipal, concejales y familiares de las y los beneficiados.<\/p>\n","protected":false},"excerpt":{"rendered":"<p>Treinta familias de Berazategui firmaron sus escrituras de propiedad, en un acto encabezado por el&#8230;<\/p>\n","protected":false},"author":1,"featured_media":59656,"comment_status":"closed","ping_status":"closed","sticky":false,"template":"","format":"standard","meta":{"footnotes":""},"categories":[1,3],"tags":[],"class_list":["post-64700","post","type-post","status-publish","format-standard","has-post-thumbnail","hentry","category-noticia-del-dia","category-informacion-general"],"_links":{"self":[{"href":"https:\/\/conurbanodiario.com.ar\/index.php?rest_route=\/wp\/v2\/posts\/64700","targetHints":{"allow":["GET"]}}],"collection":[{"href":"https:\/\/conurbanodiario.com.ar\/index.php?rest_route=\/wp\/v2\/posts"}],"about":[{"href":"https:\/\/conurbanodiario.com.ar\/index.php?rest_route=\/wp\/v2\/types\/post"}],"author":[{"embeddable":true,"href":"https:\/\/conurbanodiario.com.ar\/index.php?rest_route=\/wp\/v2\/users\/1"}],"replies":[{"embeddable":true,"href":"https:\/\/conurbanodiario.com.ar\/index.php?rest_route=%2Fwp%2Fv2%2Fcomments&post=64700"}],"version-history":[{"count":1,"href":"https:\/\/conurbanodiario.com.ar\/index.php?rest_route=\/wp\/v2\/posts\/64700\/revisions"}],"predecessor-version":[{"id":64702,"href":"https:\/\/conurbanodiario.com.ar\/index.php?rest_route=\/wp\/v2\/posts\/64700\/revisions\/64702"}],"wp:featuredmedia":[{"embeddable":true,"href":"https:\/\/conurbanodiario.com.ar\/index.php?rest_route=\/wp\/v2\/media\/59656"}],"wp:attachment":[{"href":"https:\/\/conurbanodiario.com.ar\/index.php?rest_route=%2Fwp%2Fv2%2Fmedia&parent=64700"}],"wp:term":[{"taxonomy":"category","embeddable":true,"href":"https:\/\/conurbanodiario.com.ar\/index.php?rest_route=%2Fwp%2Fv2%2Fcategories&post=64700"},{"taxonomy":"post_tag","embeddable":true,"href":"https:\/\/conurbanodiario.com.ar\/index.php?rest_route=%2Fwp%2Fv2%2Ftags&post=64700"}],"curies":[{"name":"wp","href":"https:\/\/api.w.org\/{rel}","templated":true}]}}