{"id":64697,"date":"2023-08-18T01:07:00","date_gmt":"2023-08-18T04:07:00","guid":{"rendered":"https:\/\/conurbanodiario.com.ar\/?p=64697"},"modified":"2023-08-20T05:15:31","modified_gmt":"2023-08-20T08:15:31","slug":"postergaron-de-la-entrega-de-premios-angelelli-2023-que-recibira-la-diocesis-de-quilmes","status":"publish","type":"post","link":"https:\/\/conurbanodiario.com.ar\/?p=64697","title":{"rendered":"POSTERGARON DE LA ENTREGA DE PREMIOS &#8220;ANGELELLI 2023&#8221; QUE RECIBIR\u00c1 LA DI\u00d3CESIS DE QUILMES"},"content":{"rendered":"\n<p>A ra\u00edz de las fuertes tormentas que tienen lugar en la Ciudad de Buenos Aires y Gran Buenos Aires,\u00a0<strong>la entrega de premios<em>\u00a0\u00abAngelelli 2023\u00bb<\/em>\u00a0fue postergada.\u00a0<\/strong><\/p>\n\n\n\n<p>Este homenaje, organizado por&nbsp;el Centro Nueva Tierra y la Secretar\u00eda de Derechos Humanos de la Provincia de La Rioja,&nbsp;iba a llevarse a cabo este jueves 17 de agosto en la Casa de la Provincia de La Rioja de la Ciudad de Buenos Aires (Avenida Callao 745, Buenos Aires), para reconocer a la Di\u00f3cesis de Quilmes junto con&nbsp;Adolfo P\u00e9rez Esquivel, Estela de Carlotto, Victoria Montenegro, Francisco (Paco) Olveira, Le\u00f3n Gieco, Lola Llorente, Rub\u00e9n Dri, Comunidad de la Parroquia Santa Cruz, Familia de Emilio Mignone, Hermanas Azules, Hermanas de la Asunci\u00f3n, Hermanas del Divino Maestro, y Familiares y Compa\u00f1eros de los 12 de la Santa Cruz, \u00ab<em>y destacar a quienes se han entregado con admirable dedicaci\u00f3n a la noble tarea de forjar la memoria, la verdad y la justicia en nombre de nuestros compa\u00f1eros que padecieron como v\u00edctimas del terrorismo de estado\u00bb<\/em>.<\/p>\n\n\n\n<p>En los pr\u00f3ximos d\u00edas se dar\u00e1 a conocer la nueva fecha.<\/p>\n","protected":false},"excerpt":{"rendered":"<p>A ra\u00edz de las fuertes tormentas que tienen lugar en la Ciudad de Buenos Aires&#8230;<\/p>\n","protected":false},"author":1,"featured_media":59656,"comment_status":"closed","ping_status":"closed","sticky":false,"template":"","format":"standard","meta":{"footnotes":""},"categories":[3],"tags":[],"class_list":["post-64697","post","type-post","status-publish","format-standard","has-post-thumbnail","hentry","category-informacion-general"],"_links":{"self":[{"href":"https:\/\/conurbanodiario.com.ar\/index.php?rest_route=\/wp\/v2\/posts\/64697","targetHints":{"allow":["GET"]}}],"collection":[{"href":"https:\/\/conurbanodiario.com.ar\/index.php?rest_route=\/wp\/v2\/posts"}],"about":[{"href":"https:\/\/conurbanodiario.com.ar\/index.php?rest_route=\/wp\/v2\/types\/post"}],"author":[{"embeddable":true,"href":"https:\/\/conurbanodiario.com.ar\/index.php?rest_route=\/wp\/v2\/users\/1"}],"replies":[{"embeddable":true,"href":"https:\/\/conurbanodiario.com.ar\/index.php?rest_route=%2Fwp%2Fv2%2Fcomments&post=64697"}],"version-history":[{"count":2,"href":"https:\/\/conurbanodiario.com.ar\/index.php?rest_route=\/wp\/v2\/posts\/64697\/revisions"}],"predecessor-version":[{"id":64863,"href":"https:\/\/conurbanodiario.com.ar\/index.php?rest_route=\/wp\/v2\/posts\/64697\/revisions\/64863"}],"wp:featuredmedia":[{"embeddable":true,"href":"https:\/\/conurbanodiario.com.ar\/index.php?rest_route=\/wp\/v2\/media\/59656"}],"wp:attachment":[{"href":"https:\/\/conurbanodiario.com.ar\/index.php?rest_route=%2Fwp%2Fv2%2Fmedia&parent=64697"}],"wp:term":[{"taxonomy":"category","embeddable":true,"href":"https:\/\/conurbanodiario.com.ar\/index.php?rest_route=%2Fwp%2Fv2%2Fcategories&post=64697"},{"taxonomy":"post_tag","embeddable":true,"href":"https:\/\/conurbanodiario.com.ar\/index.php?rest_route=%2Fwp%2Fv2%2Ftags&post=64697"}],"curies":[{"name":"wp","href":"https:\/\/api.w.org\/{rel}","templated":true}]}}