{"id":64687,"date":"2023-08-18T01:06:00","date_gmt":"2023-08-18T04:06:00","guid":{"rendered":"https:\/\/conurbanodiario.com.ar\/?p=64687"},"modified":"2023-08-20T05:15:31","modified_gmt":"2023-08-20T08:15:31","slug":"mejorara-el-servicio-de-agua-potable-y-cloacas-de-todo-el-barrio-compal","status":"publish","type":"post","link":"https:\/\/conurbanodiario.com.ar\/?p=64687","title":{"rendered":"MEJORAR\u00c1 EL SERVICIO DE AGUA POTABLE Y CLOACAS DE TODO EL BARRIO COMPAL"},"content":{"rendered":"\n<p><strong>Se realiz\u00f3 la apertura de sobres de la licitaci\u00f3n p\u00fablica para las obras de ampliaci\u00f3n de la red de agua y cloacas en el barrio Compal. El intendente de Berazategui, Juan Jos\u00e9 Mussi, particip\u00f3 del acto realizado en la sede platense del Organismo Provincial de Integraci\u00f3n Social y Urbana (OPISU), acompa\u00f1ado del jefe de Gabinete provincial Carlos Bianco y la titular del OPISU, Romina Barrios.<\/strong><\/p>\n\n\n\n<p>Con la ejecuci\u00f3n de esta obra, toda la poblaci\u00f3n del barrio Compal tendr\u00e1 acceso al servicio formal de agua y cloacas. Los trabajos incluyen la extensi\u00f3n de 1.577 metros lineales de ca\u00f1er\u00eda cloacal y 709 metros de ductos de agua.<\/p>\n\n\n\n<p>En ese marco, el intendente Mussi expres\u00f3 su gratitud por \u201cla dimensi\u00f3n de esta obra y lo que va a significar para nuestro barrio Compal, que la necesita. Para el Municipio es imposible hacer este trabajo para mejorar el servicio de agua potable y cloacas a nuestros vecinos, que se merecen recibir este derecho y se lo otorga el gobernador de la provincia de Buenos Aires, Axel Kicillof, a trav\u00e9s del OPISU. Este Organismo ya nos ha tra\u00eddo soluciones r\u00e1pidas. Celebro que haya sido decisi\u00f3n del Gobernador resolver los problemas de esta manera y que nos haya dado a trav\u00e9s de Carlos Bianco, Agust\u00edn Simone (ministro bonaerense de H\u00e1bitat y Desarrollo Urbano) y, fundamentalmente, de Romina (Barrios), la posibilidad de resolver estos problemas. Todos tenemos que tener la fortaleza en este momento para defender los proyectos que son para la gente\u201d.<\/p>\n\n\n\n<p>A su vez, Barrios celebr\u00f3 \u201cuna licitaci\u00f3n m\u00e1s de este gran proyecto, concretando una gran inversi\u00f3n para el barrio Compal: el completamiento de agua y cloacas que necesita para el acceso a los servicios. Estamos trabajando tambi\u00e9n en el Club, en la manzana comunitaria y en las primeras tareas de veredas, a trav\u00e9s del trabajo cooperativo. Hace poco visitamos, y est\u00e1 en evaluaci\u00f3n, la obra de iluminaci\u00f3n de todo el barrio y tenemos m\u00e1s obras proyectadas en Berazategui. Trabajamos por los derechos y por la justicia social, porque esa es nuestra mira y porque creemos que si trabajamos por y para la gente, no nos equivocamos. Queremos seguir profundizando esta tarea\u201d.<\/p>\n\n\n\n<p>Tambi\u00e9n participaron del acto: la titular de la Agencia de Tierras y H\u00e1bitat municipal, Luc\u00eda Vega, el secretario de Servicios P\u00fablicos de Berazategui, Sergio Faccenda; adem\u00e1s de vecinos y vecinas del barrio Compal.<\/p>\n","protected":false},"excerpt":{"rendered":"<p>Se realiz\u00f3 la apertura de sobres de la licitaci\u00f3n p\u00fablica para las obras de ampliaci\u00f3n&#8230;<\/p>\n","protected":false},"author":1,"featured_media":59656,"comment_status":"closed","ping_status":"closed","sticky":false,"template":"","format":"standard","meta":{"footnotes":""},"categories":[3],"tags":[],"class_list":["post-64687","post","type-post","status-publish","format-standard","has-post-thumbnail","hentry","category-informacion-general"],"_links":{"self":[{"href":"https:\/\/conurbanodiario.com.ar\/index.php?rest_route=\/wp\/v2\/posts\/64687","targetHints":{"allow":["GET"]}}],"collection":[{"href":"https:\/\/conurbanodiario.com.ar\/index.php?rest_route=\/wp\/v2\/posts"}],"about":[{"href":"https:\/\/conurbanodiario.com.ar\/index.php?rest_route=\/wp\/v2\/types\/post"}],"author":[{"embeddable":true,"href":"https:\/\/conurbanodiario.com.ar\/index.php?rest_route=\/wp\/v2\/users\/1"}],"replies":[{"embeddable":true,"href":"https:\/\/conurbanodiario.com.ar\/index.php?rest_route=%2Fwp%2Fv2%2Fcomments&post=64687"}],"version-history":[{"count":1,"href":"https:\/\/conurbanodiario.com.ar\/index.php?rest_route=\/wp\/v2\/posts\/64687\/revisions"}],"predecessor-version":[{"id":64689,"href":"https:\/\/conurbanodiario.com.ar\/index.php?rest_route=\/wp\/v2\/posts\/64687\/revisions\/64689"}],"wp:featuredmedia":[{"embeddable":true,"href":"https:\/\/conurbanodiario.com.ar\/index.php?rest_route=\/wp\/v2\/media\/59656"}],"wp:attachment":[{"href":"https:\/\/conurbanodiario.com.ar\/index.php?rest_route=%2Fwp%2Fv2%2Fmedia&parent=64687"}],"wp:term":[{"taxonomy":"category","embeddable":true,"href":"https:\/\/conurbanodiario.com.ar\/index.php?rest_route=%2Fwp%2Fv2%2Fcategories&post=64687"},{"taxonomy":"post_tag","embeddable":true,"href":"https:\/\/conurbanodiario.com.ar\/index.php?rest_route=%2Fwp%2Fv2%2Ftags&post=64687"}],"curies":[{"name":"wp","href":"https:\/\/api.w.org\/{rel}","templated":true}]}}