{"id":64684,"date":"2023-08-18T01:08:00","date_gmt":"2023-08-18T04:08:00","guid":{"rendered":"https:\/\/conurbanodiario.com.ar\/?p=64684"},"modified":"2023-08-20T05:15:31","modified_gmt":"2023-08-20T08:15:31","slug":"la-comuna-de-varela-continuo-con-las-labores-hidraulicas-en-los-barrios","status":"publish","type":"post","link":"https:\/\/conurbanodiario.com.ar\/?p=64684","title":{"rendered":"LA COMUNA DE VARELA CONTINU\u00d3 CON LAS LABORES HIDR\u00c1ULICAS EN LOS BARRIOS"},"content":{"rendered":"\n<p>Ante las fuertes lluvias de las \u00faltimas horas, el Municipio avanz\u00f3 con m\u00e1s trabajos en las distintas regiones del distrito: higiene urbana, saneamiento en sumideros y cabeceras de puentes en cruce con arroyos, entre otras acciones, a fin de favorecer el escurrimiento del agua.<\/p>\n\n\n\n<p>Seg\u00fan inform\u00f3 la Secretar\u00eda de Obras, Servicios P\u00fablicos, Ambiente y Planificaci\u00f3n Urbana, las precipitaciones alcanzaron 66.5 mm hasta las 15.30 hs. y superaron la marca normal estipulada en todo agosto. Las condiciones meteorol\u00f3gicas provocaron un incremento en el nivel de los cauces. Los sistemas de desag\u00fces retrasaron su funcionamiento.<\/p>\n\n\n\n<p>El l\u00edmite m\u00e1ximo del arroyo San Juan gener\u00f3 anegamientos en las inmediaciones de Av. Luj\u00e1n \/ Patagones, Av. Bosques, Presidente Per\u00f3n, Touring Club y en diversos puntos aleda\u00f1os. De igual manera con el arroyo Las Piedras: ocasion\u00f3 dificultades en El Molino, las avenidas Donato \u00c1lvarez, El Malambo, Novak, Diagonal Los Tilos m\u00e1s arterias internas de Villa Argentina y San Jorge.<\/p>\n\n\n\n<p>En ambos casos, afect\u00f3 tanto a frentistas varelenses como de los distritos de Quilmes y Berazategui, con quienes la administraci\u00f3n local coordin\u00f3 tareas en conjunto.<\/p>\n\n\n\n<p>En la zona sur del partido, el tope del arroyo Las Conchitas y brazo del Baldovinos caus\u00f3 inconvenientes en las calles Santa Sof\u00eda, Juana Azurduy, 1213 de San Rudecindo, La Rotonda, El Parque e Ingeniero Allan.<\/p>\n\n\n\n<p>Los equipos t\u00e9cnicos recorrieron las cuencas. Las cuadrillas municipales trabajaron en las cabeceras de los canales, obstruidas por acumulaci\u00f3n de residuos domiciliarios y no domiciliarios que impidieron el drenaje del caudal. Asimismo, efectuaron limpieza de c\u00e1maras en conductos con equipo vactor. Resolvieron seis hechos de \u00e1rboles y ramas de gran porte ca\u00eddas.<\/p>\n\n\n\n<p>El suceso clim\u00e1tico produjo fallas en cuatro alimentadores de energ\u00eda as\u00ed como l\u00edneas y cables cortados, con la afectaci\u00f3n de 5.806 vecinos en los barrios Villa San Luis, Carolina 7, La Carolina 8, La Capilla, El Tropez\u00f3n, Los Tronquitos, El Parque, Presidente Avellaneda, San Rudecindo.<\/p>\n\n\n\n<p>De acuerdo a la informaci\u00f3n que brind\u00f3 la prestataria, las guardias avanzaron en aislar las aver\u00edas para normalizar la red por tramos. Notificaron que los cortes de suministro podr\u00edan incidir en los pozos de captaci\u00f3n de agua; informaron solo uno perjudicado en Mayol, pero que, al momento, no alter\u00f3 el mencionado servicio.<\/p>\n\n\n\n<p>Las intervenciones fueron coordinadas de forma permanente con Guardia Comunal y Defensa Civil, a disposici\u00f3n de las eventualidades y demandas que surgieran.<\/p>\n\n\n\n<p>Ante cualquier urgencia o requerimiento, contactar la l\u00ednea gratuita 0800-999-1234, opci\u00f3n 1 Seguridad &#8211; opci\u00f3n 2 Reclamos, y la p\u00e1gina web <a href=\"http:\/\/www.varela.gov.ar\">www.varela.gov.ar<\/a>.<\/p>\n","protected":false},"excerpt":{"rendered":"<p>Ante las fuertes lluvias de las \u00faltimas horas, el Municipio avanz\u00f3 con m\u00e1s trabajos en&#8230;<\/p>\n","protected":false},"author":1,"featured_media":59656,"comment_status":"closed","ping_status":"closed","sticky":false,"template":"","format":"standard","meta":{"footnotes":""},"categories":[3],"tags":[],"class_list":["post-64684","post","type-post","status-publish","format-standard","has-post-thumbnail","hentry","category-informacion-general"],"_links":{"self":[{"href":"https:\/\/conurbanodiario.com.ar\/index.php?rest_route=\/wp\/v2\/posts\/64684","targetHints":{"allow":["GET"]}}],"collection":[{"href":"https:\/\/conurbanodiario.com.ar\/index.php?rest_route=\/wp\/v2\/posts"}],"about":[{"href":"https:\/\/conurbanodiario.com.ar\/index.php?rest_route=\/wp\/v2\/types\/post"}],"author":[{"embeddable":true,"href":"https:\/\/conurbanodiario.com.ar\/index.php?rest_route=\/wp\/v2\/users\/1"}],"replies":[{"embeddable":true,"href":"https:\/\/conurbanodiario.com.ar\/index.php?rest_route=%2Fwp%2Fv2%2Fcomments&post=64684"}],"version-history":[{"count":1,"href":"https:\/\/conurbanodiario.com.ar\/index.php?rest_route=\/wp\/v2\/posts\/64684\/revisions"}],"predecessor-version":[{"id":64686,"href":"https:\/\/conurbanodiario.com.ar\/index.php?rest_route=\/wp\/v2\/posts\/64684\/revisions\/64686"}],"wp:featuredmedia":[{"embeddable":true,"href":"https:\/\/conurbanodiario.com.ar\/index.php?rest_route=\/wp\/v2\/media\/59656"}],"wp:attachment":[{"href":"https:\/\/conurbanodiario.com.ar\/index.php?rest_route=%2Fwp%2Fv2%2Fmedia&parent=64684"}],"wp:term":[{"taxonomy":"category","embeddable":true,"href":"https:\/\/conurbanodiario.com.ar\/index.php?rest_route=%2Fwp%2Fv2%2Fcategories&post=64684"},{"taxonomy":"post_tag","embeddable":true,"href":"https:\/\/conurbanodiario.com.ar\/index.php?rest_route=%2Fwp%2Fv2%2Ftags&post=64684"}],"curies":[{"name":"wp","href":"https:\/\/api.w.org\/{rel}","templated":true}]}}