{"id":64680,"date":"2023-08-21T01:05:00","date_gmt":"2023-08-21T04:05:00","guid":{"rendered":"https:\/\/conurbanodiario.com.ar\/?p=64680"},"modified":"2023-08-18T00:24:46","modified_gmt":"2023-08-18T03:24:46","slug":"este-lunes-inician-obra-hidraulica-en-varela","status":"publish","type":"post","link":"https:\/\/conurbanodiario.com.ar\/?p=64680","title":{"rendered":"ESTE LUNES INICIAN OBRA HIDR\u00c1ULICA EN VARELA"},"content":{"rendered":"\n<p>La Comuna reprogram\u00f3 para este lunes 21 de agosto el comienzo en la construcci\u00f3n de conducto pluvial a desarrollarse en calle M\u00e1rmol\/Reconquista a fin de solucionar anegamientos tanto en Av. San Mart\u00edn como en la zona.<\/p>\n\n\n\n<p>Desde la Secretar\u00eda de Obras, Servicios P\u00fablicos, Ambiente y Planificaci\u00f3n Urbana estiman una duraci\u00f3n de 30 d\u00edas en los trabajos -sujeto a condiciones clim\u00e1ticas- que requerir\u00e1n la reorganizaci\u00f3n vehicular y peatonal.<\/p>\n\n\n\n<p>El carril central del Metrobus permanecer\u00e1 cerrado desde calle 9 de Julio hasta la Curva de Berraymundo. Trasladar\u00e1n las paradas donde aguardar el transporte p\u00fablico a las colectoras de los sectores habilitados.<\/p>\n\n\n\n<p>Por otra parte, ser\u00e1 interrumpida la circulaci\u00f3n en las colectoras de Av. San Mart\u00edn, tanto en el tramo comprendido por 9 de julio y M\u00e1rmol como desde Defensa hasta Dorrego.<\/p>\n\n\n\n<p>Por tal motivo, indican para quienes conduzcan por el mencionado corredor destino CABA doblar en 9 de Julio, seguir por Espa\u00f1a y retomar en Paraguay. En sentido hacia Estaci\u00f3n Florencio Varela, girar por Presidente Illia, Las Heras, J. Newbery y Estados Unidos de Am\u00e9rica hasta V\u00e9lez S\u00e1rsfield.<\/p>\n","protected":false},"excerpt":{"rendered":"<p>La Comuna reprogram\u00f3 para este lunes 21 de agosto el comienzo en la construcci\u00f3n de&#8230;<\/p>\n","protected":false},"author":1,"featured_media":59656,"comment_status":"closed","ping_status":"closed","sticky":false,"template":"","format":"standard","meta":{"footnotes":""},"categories":[3],"tags":[],"class_list":["post-64680","post","type-post","status-publish","format-standard","has-post-thumbnail","hentry","category-informacion-general"],"_links":{"self":[{"href":"https:\/\/conurbanodiario.com.ar\/index.php?rest_route=\/wp\/v2\/posts\/64680","targetHints":{"allow":["GET"]}}],"collection":[{"href":"https:\/\/conurbanodiario.com.ar\/index.php?rest_route=\/wp\/v2\/posts"}],"about":[{"href":"https:\/\/conurbanodiario.com.ar\/index.php?rest_route=\/wp\/v2\/types\/post"}],"author":[{"embeddable":true,"href":"https:\/\/conurbanodiario.com.ar\/index.php?rest_route=\/wp\/v2\/users\/1"}],"replies":[{"embeddable":true,"href":"https:\/\/conurbanodiario.com.ar\/index.php?rest_route=%2Fwp%2Fv2%2Fcomments&post=64680"}],"version-history":[{"count":1,"href":"https:\/\/conurbanodiario.com.ar\/index.php?rest_route=\/wp\/v2\/posts\/64680\/revisions"}],"predecessor-version":[{"id":64682,"href":"https:\/\/conurbanodiario.com.ar\/index.php?rest_route=\/wp\/v2\/posts\/64680\/revisions\/64682"}],"wp:featuredmedia":[{"embeddable":true,"href":"https:\/\/conurbanodiario.com.ar\/index.php?rest_route=\/wp\/v2\/media\/59656"}],"wp:attachment":[{"href":"https:\/\/conurbanodiario.com.ar\/index.php?rest_route=%2Fwp%2Fv2%2Fmedia&parent=64680"}],"wp:term":[{"taxonomy":"category","embeddable":true,"href":"https:\/\/conurbanodiario.com.ar\/index.php?rest_route=%2Fwp%2Fv2%2Fcategories&post=64680"},{"taxonomy":"post_tag","embeddable":true,"href":"https:\/\/conurbanodiario.com.ar\/index.php?rest_route=%2Fwp%2Fv2%2Ftags&post=64680"}],"curies":[{"name":"wp","href":"https:\/\/api.w.org\/{rel}","templated":true}]}}