{"id":64677,"date":"2023-08-18T01:04:00","date_gmt":"2023-08-18T04:04:00","guid":{"rendered":"https:\/\/conurbanodiario.com.ar\/?p=64677"},"modified":"2023-08-20T05:15:31","modified_gmt":"2023-08-20T08:15:31","slug":"avanza-el-recambio-de-canerias-en-berazategui-centro","status":"publish","type":"post","link":"https:\/\/conurbanodiario.com.ar\/?p=64677","title":{"rendered":"AVANZA EL RECAMBIO DE CA\u00d1ER\u00cdAS EN BERAZATEGUI CENTRO"},"content":{"rendered":"\n<p><strong>Contin\u00faan las obras de recambio de ca\u00f1er\u00edas en Berazategui Centro. Estos trabajos fueron gestionados por el intendente municipal, Juan Jos\u00e9 Mussi, y son financiados por el Ente Nacional de Obras H\u00eddricas y Saneamiento de la Naci\u00f3n (ENOHSA).<\/strong><\/p>\n\n\n\n<p>Las obras fueron solicitadas para dar respuestas ante el aumento de la demanda de agua, que surgi\u00f3 debido al crecimiento demogr\u00e1fico de la zona comercial.<\/p>\n\n\n\n<p>\u201cEste es el recambio de ca\u00f1er\u00edas m\u00e1s grande de la historia de Berazategui\u201d, comienza destacando Sergio Faccenda, secretario municipal de Servicios P\u00fablicos, y contin\u00faa: \u201cSe trata de casi 10 mil metros nuevos de conductos. Tambi\u00e9n cambiamos las ca\u00f1er\u00edas principales que ingresan a la ciudad, las cuales provienen de la estaci\u00f3n de bombeo de la Plaza La Paz. Estaban demasiado obstruidas por el tiempo, eran de poco di\u00e1metro y hab\u00edan quedado obsoletas. Ahora, duplicamos el volumen de agua que conducen\u201d.<\/p>\n\n\n\n<p>El programa est\u00e1 dividido, actualmente, en dos etapas. La primera avanz\u00f3 hasta el 90% y se est\u00e1 realizando el cruce de v\u00eda para unir las ca\u00f1er\u00edas de un lado y del otro de Lisandro de la Torre. En cuanto a la segunda, se est\u00e1 trabajando en las \u00faltimas 12 cuadras, comprendidas por la calle 17 -entre 151 y Av. N\u00e9stor Kirchner- y la calle 10 -entre Lisandro de la Torre y Av. Mitre-.<\/p>\n\n\n\n<p>\u201cCon este programa, podremos mejorar la cantidad de agua que llega al Centro. A su vez, ya estamos trabajando en una tercera etapa que nos permita renovar las ca\u00f1er\u00edas que faltan desde la Av. Varela hasta la calle 10 y desde la 17 hasta la Av. 21. Con esto, estar\u00edamos reemplazando la totalidad del sistema de conductos, que databan del inicio de la ciudad\u201d, finaliza Faccenda.<\/p>\n","protected":false},"excerpt":{"rendered":"<p>Contin\u00faan las obras de recambio de ca\u00f1er\u00edas en Berazategui Centro. Estos trabajos fueron gestionados por&#8230;<\/p>\n","protected":false},"author":1,"featured_media":59656,"comment_status":"closed","ping_status":"closed","sticky":false,"template":"","format":"standard","meta":{"footnotes":""},"categories":[1,3],"tags":[],"class_list":["post-64677","post","type-post","status-publish","format-standard","has-post-thumbnail","hentry","category-noticia-del-dia","category-informacion-general"],"_links":{"self":[{"href":"https:\/\/conurbanodiario.com.ar\/index.php?rest_route=\/wp\/v2\/posts\/64677","targetHints":{"allow":["GET"]}}],"collection":[{"href":"https:\/\/conurbanodiario.com.ar\/index.php?rest_route=\/wp\/v2\/posts"}],"about":[{"href":"https:\/\/conurbanodiario.com.ar\/index.php?rest_route=\/wp\/v2\/types\/post"}],"author":[{"embeddable":true,"href":"https:\/\/conurbanodiario.com.ar\/index.php?rest_route=\/wp\/v2\/users\/1"}],"replies":[{"embeddable":true,"href":"https:\/\/conurbanodiario.com.ar\/index.php?rest_route=%2Fwp%2Fv2%2Fcomments&post=64677"}],"version-history":[{"count":1,"href":"https:\/\/conurbanodiario.com.ar\/index.php?rest_route=\/wp\/v2\/posts\/64677\/revisions"}],"predecessor-version":[{"id":64679,"href":"https:\/\/conurbanodiario.com.ar\/index.php?rest_route=\/wp\/v2\/posts\/64677\/revisions\/64679"}],"wp:featuredmedia":[{"embeddable":true,"href":"https:\/\/conurbanodiario.com.ar\/index.php?rest_route=\/wp\/v2\/media\/59656"}],"wp:attachment":[{"href":"https:\/\/conurbanodiario.com.ar\/index.php?rest_route=%2Fwp%2Fv2%2Fmedia&parent=64677"}],"wp:term":[{"taxonomy":"category","embeddable":true,"href":"https:\/\/conurbanodiario.com.ar\/index.php?rest_route=%2Fwp%2Fv2%2Fcategories&post=64677"},{"taxonomy":"post_tag","embeddable":true,"href":"https:\/\/conurbanodiario.com.ar\/index.php?rest_route=%2Fwp%2Fv2%2Ftags&post=64677"}],"curies":[{"name":"wp","href":"https:\/\/api.w.org\/{rel}","templated":true}]}}