{"id":64674,"date":"2023-08-18T01:09:00","date_gmt":"2023-08-18T04:09:00","guid":{"rendered":"https:\/\/conurbanodiario.com.ar\/?p=64674"},"modified":"2023-08-20T05:15:31","modified_gmt":"2023-08-20T08:15:31","slug":"el-mes-de-las-infancias-se-festeja-en-berazategui","status":"publish","type":"post","link":"https:\/\/conurbanodiario.com.ar\/?p=64674","title":{"rendered":"EL MES DE LAS INFANCIAS SE FESTEJA EN BERAZATEGUI"},"content":{"rendered":"\n<p><strong>Este domingo 20 de agosto se realizar\u00e1 un gran festejo por el Mes de las Infancias en la Plaza Julia C. de Tiscornia (Av. 14 y 132). El evento se desarrollar\u00e1 de 14.00 a 17.00 y contar\u00e1 con actividades recreativas, juegos, talleres, espect\u00e1culos y el Centro Cultural M\u00f3vil de Cultura Colectiva. Se suspender\u00e1 en caso de lluvia.<\/strong><\/p>\n\n\n\n<p>La jornada ser\u00e1 organizada por la Municipalidad de Berazategui, a trav\u00e9s de las Secretar\u00edas de Cultura y Educaci\u00f3n, y de Desarrollo Social y Comunitario, Recreaci\u00f3n, Turismo y Deportes.<\/p>\n\n\n\n<p>Adem\u00e1s, se sumar\u00e1n otras \u00e1reas municipales con diferentes propuestas din\u00e1micas para toda la familia. Estar\u00e1 la Casa del Rat\u00f3n P\u00e9rez, para que los ni\u00f1os y las ni\u00f1as dejen sus cartitas y habr\u00e1 un taller de t\u00e9cnica de cepillado de dientes, entre varias iniciativas. Tambi\u00e9n, habr\u00e1 un espacio de juegos reciclados y otro de peinado y maquillaje.<\/p>\n\n\n\n<p>Desv\u00edos de tr\u00e1nsito por el festejo<\/p>\n\n\n\n<p>Con el objetivo de garantizar una jornada de diversi\u00f3n y esparcimiento para todas las edades, se desviar\u00e1 el tr\u00e1nsito de 11.00 a 18.00 -aproximadamente- en los siguientes tramos:<\/p>\n\n\n\n<p>&#8211; Av. 14 entre Av. Vergara y 133.<br>&#8211; Calle 13 entre 132 y 133.<br>&#8211; Calle 132 entre 13 y Av. 14<\/p>\n\n\n\n<p>Los veh\u00edculos particulares y el transporte p\u00fablico podr\u00e1n circular por calle 15, Av. Vergara, calles 133 y 12.<\/p>\n","protected":false},"excerpt":{"rendered":"<p>Este domingo 20 de agosto se realizar\u00e1 un gran festejo por el Mes de las&#8230;<\/p>\n","protected":false},"author":1,"featured_media":59656,"comment_status":"closed","ping_status":"closed","sticky":false,"template":"","format":"standard","meta":{"footnotes":""},"categories":[3],"tags":[],"class_list":["post-64674","post","type-post","status-publish","format-standard","has-post-thumbnail","hentry","category-informacion-general"],"_links":{"self":[{"href":"https:\/\/conurbanodiario.com.ar\/index.php?rest_route=\/wp\/v2\/posts\/64674","targetHints":{"allow":["GET"]}}],"collection":[{"href":"https:\/\/conurbanodiario.com.ar\/index.php?rest_route=\/wp\/v2\/posts"}],"about":[{"href":"https:\/\/conurbanodiario.com.ar\/index.php?rest_route=\/wp\/v2\/types\/post"}],"author":[{"embeddable":true,"href":"https:\/\/conurbanodiario.com.ar\/index.php?rest_route=\/wp\/v2\/users\/1"}],"replies":[{"embeddable":true,"href":"https:\/\/conurbanodiario.com.ar\/index.php?rest_route=%2Fwp%2Fv2%2Fcomments&post=64674"}],"version-history":[{"count":1,"href":"https:\/\/conurbanodiario.com.ar\/index.php?rest_route=\/wp\/v2\/posts\/64674\/revisions"}],"predecessor-version":[{"id":64676,"href":"https:\/\/conurbanodiario.com.ar\/index.php?rest_route=\/wp\/v2\/posts\/64674\/revisions\/64676"}],"wp:featuredmedia":[{"embeddable":true,"href":"https:\/\/conurbanodiario.com.ar\/index.php?rest_route=\/wp\/v2\/media\/59656"}],"wp:attachment":[{"href":"https:\/\/conurbanodiario.com.ar\/index.php?rest_route=%2Fwp%2Fv2%2Fmedia&parent=64674"}],"wp:term":[{"taxonomy":"category","embeddable":true,"href":"https:\/\/conurbanodiario.com.ar\/index.php?rest_route=%2Fwp%2Fv2%2Fcategories&post=64674"},{"taxonomy":"post_tag","embeddable":true,"href":"https:\/\/conurbanodiario.com.ar\/index.php?rest_route=%2Fwp%2Fv2%2Ftags&post=64674"}],"curies":[{"name":"wp","href":"https:\/\/api.w.org\/{rel}","templated":true}]}}