{"id":64670,"date":"2023-08-18T01:05:00","date_gmt":"2023-08-18T04:05:00","guid":{"rendered":"https:\/\/conurbanodiario.com.ar\/?p=64670"},"modified":"2023-08-20T05:15:31","modified_gmt":"2023-08-20T08:15:31","slug":"app-varelacerca-ofertas-por-el-dia-de-las-infancias","status":"publish","type":"post","link":"https:\/\/conurbanodiario.com.ar\/?p=64670","title":{"rendered":"APP &#8220;VARELA+CERCA&#8221;: OFERTAS POR EL D\u00cdA DE LAS INFANCIAS"},"content":{"rendered":"\n<p>La Comuna articula con comercios de Florencio Varela con un prop\u00f3sito: garantizar precios adecuados al abanico de posibilidades donde elegir el obsequio acorde a los gustos de las y los m\u00e1s chicos en el hogar.<\/p>\n\n\n\n<p>Gabriela y Juli\u00e1n, integrantes en el equipo de la aplicaci\u00f3n para dispositivos m\u00f3viles, presentan las promociones en algunos de los negocios del distrito durante su segmento en el magazine matutino de la Radio Municipal.<\/p>\n\n\n\n<p>El Cotill\u00f3n \u201cDelmy\u201d, situado en calle Sallar\u00e9s N\u00ba65 entre Espa\u00f1a y Av. San Mart\u00edn, ofrece un 20% de descuento en efectivo todos los d\u00edas, martes 20% con tarjetas de cr\u00e9dito m\u00e1s 4 cuotas sin inter\u00e9s, jueves 30% de ahorro con Cuenta DNI.<\/p>\n\n\n\n<p>Para las y los m\u00e1s j\u00f3venes, la tienda de ropa \u201cNarrow\u201d, instalada en la esquina de San Juan con Boccuzzi, tiene una liquidaci\u00f3n del 15% en prendas de la temporada de invierno con 6 cuotas sin inter\u00e9s.<\/p>\n\n\n\n<p>Al aire en la emisora estatal, la responsable en \u201cLaboratorio de Madera\u201d -M\u00f3nica- explica a la ciudadan\u00eda la confecci\u00f3n de juguetes con orientaci\u00f3n pedag\u00f3gica e invita \u201ca conocernos: poseemos infinidad de productos para el disfrute, pero a la vez, promover el desarrollo cognitivo y la motricidad fina\u201d.<\/p>\n\n\n\n<p>\u201cBuscamos la forma de abarcar todas las edades. Tenemos piezas que nos permiten fabricar un mont\u00f3n de elementos\u201d, precisa. Autos, helic\u00f3pteros y un cl\u00e1sico reversionado como el Flipper son solo algunas de las opciones a encontrar en su local ubicado en Sallar\u00e9s N\u00ba261, entre Monteagudo y Alberdi.<\/p>\n\n\n\n<p>Para m\u00e1s informaci\u00f3n o dudas, ingresar en el Instagram @appvarelamascerca o descargar la plataforma desde el Play Store para Android o App Store para IOS donde descubrir el regalo ideal.<\/p>\n\n\n\n<p>Interesados e interesadas en sumar sus emprendimientos deben hacerlo mediante la p\u00e1gina web https:\/\/florenciovarela.gov.ar\/mercadoactivo\/.<\/p>\n","protected":false},"excerpt":{"rendered":"<p>La Comuna articula con comercios de Florencio Varela con un prop\u00f3sito: garantizar precios adecuados al&#8230;<\/p>\n","protected":false},"author":1,"featured_media":59656,"comment_status":"closed","ping_status":"closed","sticky":false,"template":"","format":"standard","meta":{"footnotes":""},"categories":[3],"tags":[],"class_list":["post-64670","post","type-post","status-publish","format-standard","has-post-thumbnail","hentry","category-informacion-general"],"_links":{"self":[{"href":"https:\/\/conurbanodiario.com.ar\/index.php?rest_route=\/wp\/v2\/posts\/64670","targetHints":{"allow":["GET"]}}],"collection":[{"href":"https:\/\/conurbanodiario.com.ar\/index.php?rest_route=\/wp\/v2\/posts"}],"about":[{"href":"https:\/\/conurbanodiario.com.ar\/index.php?rest_route=\/wp\/v2\/types\/post"}],"author":[{"embeddable":true,"href":"https:\/\/conurbanodiario.com.ar\/index.php?rest_route=\/wp\/v2\/users\/1"}],"replies":[{"embeddable":true,"href":"https:\/\/conurbanodiario.com.ar\/index.php?rest_route=%2Fwp%2Fv2%2Fcomments&post=64670"}],"version-history":[{"count":2,"href":"https:\/\/conurbanodiario.com.ar\/index.php?rest_route=\/wp\/v2\/posts\/64670\/revisions"}],"predecessor-version":[{"id":64673,"href":"https:\/\/conurbanodiario.com.ar\/index.php?rest_route=\/wp\/v2\/posts\/64670\/revisions\/64673"}],"wp:featuredmedia":[{"embeddable":true,"href":"https:\/\/conurbanodiario.com.ar\/index.php?rest_route=\/wp\/v2\/media\/59656"}],"wp:attachment":[{"href":"https:\/\/conurbanodiario.com.ar\/index.php?rest_route=%2Fwp%2Fv2%2Fmedia&parent=64670"}],"wp:term":[{"taxonomy":"category","embeddable":true,"href":"https:\/\/conurbanodiario.com.ar\/index.php?rest_route=%2Fwp%2Fv2%2Fcategories&post=64670"},{"taxonomy":"post_tag","embeddable":true,"href":"https:\/\/conurbanodiario.com.ar\/index.php?rest_route=%2Fwp%2Fv2%2Ftags&post=64670"}],"curies":[{"name":"wp","href":"https:\/\/api.w.org\/{rel}","templated":true}]}}