{"id":64667,"date":"2023-08-18T01:02:00","date_gmt":"2023-08-18T04:02:00","guid":{"rendered":"https:\/\/conurbanodiario.com.ar\/?p=64667"},"modified":"2023-08-20T05:15:31","modified_gmt":"2023-08-20T08:15:31","slug":"andres-watson-entrego-maquinaria-y-herramientas-a-microemprendimientos","status":"publish","type":"post","link":"https:\/\/conurbanodiario.com.ar\/?p=64667","title":{"rendered":"ANDR\u00c9S WATSON ENTREG\u00d3 MAQUINARIA Y HERRAMIENTAS A MICROEMPRENDIMIENTOS"},"content":{"rendered":"\n<p>El titular en el Ejecutivo local -Andr\u00e9s Watson- otorg\u00f3 insumos destinados a proyectos comerciales fundados por grupos familiares oriundos del distrito en el predio de la ex empresa AGFA, ubicado en el barrio La Pileta.<\/p>\n\n\n\n<p>\u201cUn impulso necesario para continuar con su trabajo y pensar en expandir su actividad, potenciar su rendimiento a partir del apoyo obtenido desde el Estado en todos sus niveles\u201d, afirm\u00f3 el Alcalde.<\/p>\n\n\n\n<p>En ese contexto, la m\u00e1xima autoridad distrital apreci\u00f3 en la cultura emprendedora varelense \u201cuna asombrosa capacidad de crecimiento, una usina de empleo para vecinos y vecinas: la aut\u00e9ntica movilidad social ascendente que siempre pregonamos\u201d.<\/p>\n\n\n\n<p>El Intendente explic\u00f3 que tanto la Escuela de Emprendedores como Mercado Activo eran \u201ciniciativas municipales creadas con una misi\u00f3n: respaldar su progreso con un \u00e1mbito de capacitaci\u00f3n y un punto de venta para sus elaboraciones\u201d.<\/p>\n\n\n\n<p>Los elementos entregados fueron cocinas industriales, freezer, agujereadora inal\u00e1mbrica, circular banco, bordeadora, m\u00e1quinas de coser overlock, hornos pizzeros, panaderos y pasteleros.<\/p>\n\n\n\n<p>La secretaria de Desarrollo Social -Laura Vivas- destac\u00f3 la tarea colaborativa con el Ministerio de Desarrollo de la Comunidad de la provincia de Buenos Aires en la distribuci\u00f3n de los mencionados recursos.<\/p>\n\n\n\n<p>\u201cUna muestra de pol\u00edticas p\u00fablicas que mejoraron las condiciones para ampliar sus propuestas en diversos rubros e inclusive sirvi\u00f3 como puntapi\u00e9 de nuevas ideas\u201d, describi\u00f3 la funcionaria.<\/p>\n\n\n\n<p>Luj\u00e1n, oriunda de Villa Hudson, fund\u00f3 su pasteler\u00eda en 2019. \u201cTodav\u00eda no le puse nombre porque no abr\u00ed un negocio. Arranqu\u00e9 en casa con pedidos puntuales. Ahorr\u00e9 y compr\u00e9 una batidora, utensilios, pero necesitaba la cocina\u201d, narr\u00f3.<\/p>\n\n\n\n<p>La joven valor\u00f3 \u201cla ayuda obtenida\u201d por considerarla \u201cuna motivaci\u00f3n para aumentar la producci\u00f3n, perfeccionar cuestiones t\u00e9cnicas y ofrecer tortas o pastafrolas m\u00e1s ricas\u201d. \u201cNo pod\u00eda adquirirla\u201d, revel\u00f3.&nbsp;<\/p>\n\n\n\n<p>Mirtha, otra repostera radicada en Bosques, revisaba cada detalle del horno que incorpor\u00f3 a sus herramientas con el prop\u00f3sito de \u201carmar una rotiser\u00eda y no quedarme solo en las cosas dulces\u201d.<\/p>\n\n\n\n<p>La vecina rememor\u00f3 los inicios en compa\u00f1\u00eda de su cu\u00f1ado. \u201c\u00c9l falleci\u00f3 y decid\u00ed mantener su legado. Era un sue\u00f1o que ten\u00edamos cuando \u00e9ramos empleados en una firma de catering\u201d, comparti\u00f3.<\/p>\n","protected":false},"excerpt":{"rendered":"<p>El titular en el Ejecutivo local -Andr\u00e9s Watson- otorg\u00f3 insumos destinados a proyectos comerciales fundados&#8230;<\/p>\n","protected":false},"author":1,"featured_media":59656,"comment_status":"closed","ping_status":"closed","sticky":false,"template":"","format":"standard","meta":{"footnotes":""},"categories":[1,3],"tags":[],"class_list":["post-64667","post","type-post","status-publish","format-standard","has-post-thumbnail","hentry","category-noticia-del-dia","category-informacion-general"],"_links":{"self":[{"href":"https:\/\/conurbanodiario.com.ar\/index.php?rest_route=\/wp\/v2\/posts\/64667","targetHints":{"allow":["GET"]}}],"collection":[{"href":"https:\/\/conurbanodiario.com.ar\/index.php?rest_route=\/wp\/v2\/posts"}],"about":[{"href":"https:\/\/conurbanodiario.com.ar\/index.php?rest_route=\/wp\/v2\/types\/post"}],"author":[{"embeddable":true,"href":"https:\/\/conurbanodiario.com.ar\/index.php?rest_route=\/wp\/v2\/users\/1"}],"replies":[{"embeddable":true,"href":"https:\/\/conurbanodiario.com.ar\/index.php?rest_route=%2Fwp%2Fv2%2Fcomments&post=64667"}],"version-history":[{"count":1,"href":"https:\/\/conurbanodiario.com.ar\/index.php?rest_route=\/wp\/v2\/posts\/64667\/revisions"}],"predecessor-version":[{"id":64669,"href":"https:\/\/conurbanodiario.com.ar\/index.php?rest_route=\/wp\/v2\/posts\/64667\/revisions\/64669"}],"wp:featuredmedia":[{"embeddable":true,"href":"https:\/\/conurbanodiario.com.ar\/index.php?rest_route=\/wp\/v2\/media\/59656"}],"wp:attachment":[{"href":"https:\/\/conurbanodiario.com.ar\/index.php?rest_route=%2Fwp%2Fv2%2Fmedia&parent=64667"}],"wp:term":[{"taxonomy":"category","embeddable":true,"href":"https:\/\/conurbanodiario.com.ar\/index.php?rest_route=%2Fwp%2Fv2%2Fcategories&post=64667"},{"taxonomy":"post_tag","embeddable":true,"href":"https:\/\/conurbanodiario.com.ar\/index.php?rest_route=%2Fwp%2Fv2%2Ftags&post=64667"}],"curies":[{"name":"wp","href":"https:\/\/api.w.org\/{rel}","templated":true}]}}