{"id":64653,"date":"2023-08-09T01:08:00","date_gmt":"2023-08-09T04:08:00","guid":{"rendered":"https:\/\/conurbanodiario.com.ar\/?p=64653"},"modified":"2023-08-20T05:14:30","modified_gmt":"2023-08-20T08:14:30","slug":"mayra-visito-la-refaccionada-a-nueva-plaza-islas-malvinas-y-disfruto-del-evento-maravillosa-musica-junto-a-jovenes-del-distrito","status":"publish","type":"post","link":"https:\/\/conurbanodiario.com.ar\/?p=64653","title":{"rendered":"MAYRA VISIT\u00d3 LA REFACCIONADA A NUEVA PLAZA ISLAS MALVINAS Y DISFRUT\u00d3 DEL EVENTO &#8220;MARAVILLOSA M\u00daSICA&#8221; JUNTO A J\u00d3VENES DEL DISTRITO"},"content":{"rendered":"\n<p>La intendenta de Quilmes, Mayra Mendoza, visit\u00f3 ayer martes la plaza Islas Malvinas, ubicada en la manzana de las calles 839, 875, 876 y 838, en Villa La Florida, donde la Comuna efectu\u00f3 diferentes mejoras, enmarcadas en la renovaci\u00f3n de m\u00e1s de 40 espacios verdes en todo el distrito, uno de los 30 compromisos de gesti\u00f3n. Tambi\u00e9n entreg\u00f3 las banderas nacional, provincial, y municipal a las instituciones presentes en la jornada.<\/p>\n\n\n\n<p>\u201cTrabajamos todos los d\u00edas para que los vecinos est\u00e9n cada d\u00eda un poquito mejor. Y esa construcci\u00f3n para que se sientan y puedan vivir bien, es un proceso que nos lleva tiempo. En estos 3 a\u00f1os y medio, casi 4 a\u00f1os de gesti\u00f3n, pudimos mostrar algunos resultados de nuestro trabajo en Villa La Florida que se ven en las luces LED, en el nuevo ingreso, en los nuevos asfaltos, en las plazas mejoradas, renovadas o nuevas, en las escuelas y en muchas obras m\u00e1s\u201d, afirm\u00f3 Mayra.<\/p>\n\n\n\n<p>La Jefa Comunal sostuvo: \u201cNuestro trabajo tiene sentido cuando dejamos un municipio mejor del que vivimos. Los m\u00e1s chicos y chicas van a poder disfrutar de mejoras que vamos haciendo en Quilmes, en cada una de sus localidades, pero todav\u00eda nos falta mucho por hacer. Por eso les pido a nuestros vecinos y a nuestras vecinas que vuelvan a confiar en nosotros, y que nos permitan seguir gobernando, que nos den la oportunidad de seguir demostrando trabajo. Y el domingo 13 de agosto, a votar, boleta completa, Uni\u00f3n por la Patria, con Sergio Massa, con Axel Kicillof, y con nosotras aqu\u00ed en el Municipio de Quilmes\u201d.<\/p>\n\n\n\n<p>En la plaza Islas Malvinas se realizaron distintas mejoras, llevadas adelante por la Secretar\u00eda de Desarrollo Urbano y Obra P\u00fablica, entre ellas, la puesta en valor de monolitos restaurados; arreglos en veredas perimetrales y estaci\u00f3n saludable, y la renovaci\u00f3n completa de mobiliario. &nbsp;A estos trabajos se le sumaron la colocaci\u00f3n de luminarias viales con tecnolog\u00eda LED sobre las 4 calles del per\u00edmetro; la puesta en valor del sector de juegos infantiles y la construcci\u00f3n de una zona de juegos nueva, desde los solados hasta el equipamiento, mobiliarios e infraestructura. Tambi\u00e9n se instal\u00f3 un nuevo EcoPunto.<\/p>\n\n\n\n<p>En este sentido, la vecina Celia Onori expres\u00f3: \u201cEstoy agradecida porque el barrio no tuvo que reclamarlo, fue una iniciativa del Municipio hacer esta renovaci\u00f3n. Agradezco a la Intendenta porque pasaron muchos gobiernos, pero nunca recibimos esta respuesta\u201d. Por su parte, Stella Maris Bard\u00f3n asever\u00f3: \u201cTengo 71 a\u00f1os y nunca la vi as\u00ed, para m\u00ed es un orgullo la plaza hoy. Viv\u00ed toda la vida en La Florida y el trabajo que hace Mayra me parece b\u00e1rbaro\u201d. Y H\u00e9ctor Urquiza dijo: \u201cConozco la Florida desde el a\u00f1o 59, he vivido todo tipo de \u00e9pocas, despu\u00e9s de estar toda la vida ac\u00e1, ver la dedicaci\u00f3n de Mayra en este momento es un lujo\u201d.<\/p>\n\n\n\n<p>A su vez, la Jefa Comunal disfrut\u00f3 del evento \u201cMaravillosa M\u00fasica\u201d del \u00e1rea de Juventudes, llevado adelante en la Escuela Secundaria N\u00ba 23, frente a la plaza, en el cual se desarroll\u00f3 un concurso de 9 bandas musicales juveniles del Instituto Cultural de la provincia de Buenos Aires. Esta escuela, que tiene una matr\u00edcula de 306 alumnos, tiene como rama educativa M\u00fasica y pr\u00f3ximamente se formar\u00e1 una orquesta all\u00ed, para lo cual el Municipio se articular\u00e1 con profesores y entrega de Instrumentos.<\/p>\n\n\n\n<p>En tanto, y a trav\u00e9s de una fuerte inversi\u00f3n del Municipio, en el lugar se est\u00e1 desarrollando una obra que consiste en nuevos sanitarios para mujeres, hombres, docentes y personas con discapacidad. Adem\u00e1s, se est\u00e1 agregando una superficie cubierta en el patio generando un semicubierto que permita usar este espacio no s\u00f3lo en los d\u00edas de lluvia sino como lugar que cumple funciones de SUM abierto; y tambi\u00e9n se realizar\u00e1 la instalaci\u00f3n el\u00e9ctrica a los fines de independizar la Primaria de la Secundaria.<\/p>\n\n\n\n<p>Por su parte, Consejo Escolar realiz\u00f3 una obra de refacci\u00f3n-instalaci\u00f3n de gas, mientras que el Servicio Alimentario Escolar, les entreg\u00f3 1 termo de 12 litros; 1 horno; 1 heladera e infusionadora, y mobiliario para 4 aulas. Al respecto, la directora de la ES N\u00ba 23, Natalia Mattera, consider\u00f3: \u201cLas obras son algo sumamente importante y necesario para brindar calidad educativa a los chicos\u201d.<\/p>\n\n\n\n<p>Participaron de la actividad el jefe de Gabinete local, Alejandro Gandulfo; los y las secretarias de Desarrollo Urbano y Obra P\u00fablica, Ceci Soler; de Servicios P\u00fablicos, Sebasti\u00e1n Garc\u00eda; de Educaci\u00f3n, Joaqu\u00edn Desmery; de Culturas y Deportes, Nicol\u00e1s Mellino; de Gesti\u00f3n y Participaci\u00f3n Ciudadana, Juli\u00e1n Bellido; de Hacienda, Eva Stoltzing; de Seguridad, Gaspar De Stefano; de GIRSU, Roberto Gaudio; el subsecretario de Obras e Infraestructura,&nbsp;Ramiro&nbsp;Beltrani; su par de Educaci\u00f3n, Nancy&nbsp;Brites; el defensor del Pueblo Adjunto de la provincia de Buenos Aires,&nbsp;\u00c1ngel&nbsp;Garc\u00eda, y los concejales, Mariano Casado y Ezequiel Arauz; entre otros funcionarios, adem\u00e1s de representantes de distintas instituciones y entidades de La Florida, Bomberos Voluntarios, Veteranos de Malvinas y miembros de TGD&nbsp;Padres&nbsp;TEA&nbsp;Quilmes.<\/p>\n","protected":false},"excerpt":{"rendered":"<p>La intendenta de Quilmes, Mayra Mendoza, visit\u00f3 ayer martes la plaza Islas Malvinas, ubicada en&#8230;<\/p>\n","protected":false},"author":1,"featured_media":59656,"comment_status":"closed","ping_status":"closed","sticky":false,"template":"","format":"standard","meta":{"footnotes":""},"categories":[3],"tags":[],"class_list":["post-64653","post","type-post","status-publish","format-standard","has-post-thumbnail","hentry","category-informacion-general"],"_links":{"self":[{"href":"https:\/\/conurbanodiario.com.ar\/index.php?rest_route=\/wp\/v2\/posts\/64653","targetHints":{"allow":["GET"]}}],"collection":[{"href":"https:\/\/conurbanodiario.com.ar\/index.php?rest_route=\/wp\/v2\/posts"}],"about":[{"href":"https:\/\/conurbanodiario.com.ar\/index.php?rest_route=\/wp\/v2\/types\/post"}],"author":[{"embeddable":true,"href":"https:\/\/conurbanodiario.com.ar\/index.php?rest_route=\/wp\/v2\/users\/1"}],"replies":[{"embeddable":true,"href":"https:\/\/conurbanodiario.com.ar\/index.php?rest_route=%2Fwp%2Fv2%2Fcomments&post=64653"}],"version-history":[{"count":2,"href":"https:\/\/conurbanodiario.com.ar\/index.php?rest_route=\/wp\/v2\/posts\/64653\/revisions"}],"predecessor-version":[{"id":64656,"href":"https:\/\/conurbanodiario.com.ar\/index.php?rest_route=\/wp\/v2\/posts\/64653\/revisions\/64656"}],"wp:featuredmedia":[{"embeddable":true,"href":"https:\/\/conurbanodiario.com.ar\/index.php?rest_route=\/wp\/v2\/media\/59656"}],"wp:attachment":[{"href":"https:\/\/conurbanodiario.com.ar\/index.php?rest_route=%2Fwp%2Fv2%2Fmedia&parent=64653"}],"wp:term":[{"taxonomy":"category","embeddable":true,"href":"https:\/\/conurbanodiario.com.ar\/index.php?rest_route=%2Fwp%2Fv2%2Fcategories&post=64653"},{"taxonomy":"post_tag","embeddable":true,"href":"https:\/\/conurbanodiario.com.ar\/index.php?rest_route=%2Fwp%2Fv2%2Ftags&post=64653"}],"curies":[{"name":"wp","href":"https:\/\/api.w.org\/{rel}","templated":true}]}}