{"id":64650,"date":"2023-08-09T01:02:00","date_gmt":"2023-08-09T04:02:00","guid":{"rendered":"https:\/\/conurbanodiario.com.ar\/?p=64650"},"modified":"2023-08-20T05:15:00","modified_gmt":"2023-08-20T08:15:00","slug":"avances-en-la-construccion-del-centro-de-desarrollo-infantil-en-el-tropezon","status":"publish","type":"post","link":"https:\/\/conurbanodiario.com.ar\/?p=64650","title":{"rendered":"AVANCES EN LA CONSTRUCCI\u00d3N DEL CENTRO DE DESARROLLO INFANTIL EN EL TROPEZ\u00d3N"},"content":{"rendered":"\n<p>Progresaron las labores para edificar un establecimiento de atenci\u00f3n integral a las infancias en la intersecci\u00f3n de las calles 1552 con 1523, en la localidad de La Capilla.<\/p>\n\n\n\n<p>Andr\u00e9s Watson -alcalde- corrobor\u00f3 \u201cla evoluci\u00f3n en las tareas para crear un inmueble donde contener a las ni\u00f1eces a partir de los 45 d\u00edas de vida hasta los 4 a\u00f1os con lactario, deambulatorio para aprender a caminar, entre otros \u00e1mbitos adecuados a la franja etaria\u201d.<\/p>\n\n\n\n<p>El titular en el Ejecutivo local describi\u00f3 al Centro como \u201cun eslab\u00f3n donde prepararlos en su ingreso a la educaci\u00f3n formal\u201d y ponder\u00f3 \u201cla localizaci\u00f3n en un punto sin una instituci\u00f3n similar\u201d. \u201cPor ese motivo, indispensable la planificaci\u00f3n de un distrito en expansi\u00f3n\u201d, reflexion\u00f3.&nbsp;<\/p>\n\n\n\n<p>\u201cLos proyectos implementados respondieron al crecimiento demogr\u00e1fico en cada barrio. Un diagrama, una reconfiguraci\u00f3n del partido realizada en el presente e ideada rumbo al futuro\u201d, sentenci\u00f3 el Mandatario. Luego, subray\u00f3 \u201cla importancia de articular con Naci\u00f3n y Provincia en la concreci\u00f3n de esos objetivos\u201d.&nbsp;<\/p>\n\n\n\n<p>Al finalizar el circuito, la m\u00e1xima autoridad varelense convers\u00f3 con una vecina, Araceli, que al observar los avances de obra descubri\u00f3 una nueva oportunidad para sus hijos. \u201cAnot\u00e9 a mi nena en un jard\u00edn muy lejos. Ahora, me qued\u00f3 m\u00e1s cerca de casa\u201d, mencion\u00f3 la mam\u00e1 de Bruno y Cata.<\/p>\n\n\n\n<p>Tanto el peque\u00f1o en el cochecito como su hermana m\u00e1s inquieta, examinaban desde su lugar hacia el interior de las paredes. Al contemplarlos, inquisidores, la mujer afirm\u00f3: \u201cEra necesario un sitio as\u00ed\u201d. \u201cNo conoc\u00eda al Intendente. Fue la primera vez y fue muy amable\u201d, sum\u00f3.<\/p>\n\n\n\n<p>Estuvieron presentes la responsable en la cartera de Desarrollo Social -Lic. Laura Vivas- junto al secretario de Obras, Servicios P\u00fablicos, Ambiente y Planificaci\u00f3n Urbana -Arq. Diego Trejo-.<\/p>\n","protected":false},"excerpt":{"rendered":"<p>Progresaron las labores para edificar un establecimiento de atenci\u00f3n integral a las infancias en la&#8230;<\/p>\n","protected":false},"author":1,"featured_media":59656,"comment_status":"closed","ping_status":"closed","sticky":false,"template":"","format":"standard","meta":{"footnotes":""},"categories":[1],"tags":[],"class_list":["post-64650","post","type-post","status-publish","format-standard","has-post-thumbnail","hentry","category-noticia-del-dia"],"_links":{"self":[{"href":"https:\/\/conurbanodiario.com.ar\/index.php?rest_route=\/wp\/v2\/posts\/64650","targetHints":{"allow":["GET"]}}],"collection":[{"href":"https:\/\/conurbanodiario.com.ar\/index.php?rest_route=\/wp\/v2\/posts"}],"about":[{"href":"https:\/\/conurbanodiario.com.ar\/index.php?rest_route=\/wp\/v2\/types\/post"}],"author":[{"embeddable":true,"href":"https:\/\/conurbanodiario.com.ar\/index.php?rest_route=\/wp\/v2\/users\/1"}],"replies":[{"embeddable":true,"href":"https:\/\/conurbanodiario.com.ar\/index.php?rest_route=%2Fwp%2Fv2%2Fcomments&post=64650"}],"version-history":[{"count":1,"href":"https:\/\/conurbanodiario.com.ar\/index.php?rest_route=\/wp\/v2\/posts\/64650\/revisions"}],"predecessor-version":[{"id":64652,"href":"https:\/\/conurbanodiario.com.ar\/index.php?rest_route=\/wp\/v2\/posts\/64650\/revisions\/64652"}],"wp:featuredmedia":[{"embeddable":true,"href":"https:\/\/conurbanodiario.com.ar\/index.php?rest_route=\/wp\/v2\/media\/59656"}],"wp:attachment":[{"href":"https:\/\/conurbanodiario.com.ar\/index.php?rest_route=%2Fwp%2Fv2%2Fmedia&parent=64650"}],"wp:term":[{"taxonomy":"category","embeddable":true,"href":"https:\/\/conurbanodiario.com.ar\/index.php?rest_route=%2Fwp%2Fv2%2Fcategories&post=64650"},{"taxonomy":"post_tag","embeddable":true,"href":"https:\/\/conurbanodiario.com.ar\/index.php?rest_route=%2Fwp%2Fv2%2Ftags&post=64650"}],"curies":[{"name":"wp","href":"https:\/\/api.w.org\/{rel}","templated":true}]}}