{"id":64644,"date":"2023-08-10T01:05:00","date_gmt":"2023-08-10T04:05:00","guid":{"rendered":"https:\/\/conurbanodiario.com.ar\/?p=64644"},"modified":"2023-08-20T05:15:32","modified_gmt":"2023-08-20T08:15:32","slug":"mercado-de-productores-familiares-en-varela","status":"publish","type":"post","link":"https:\/\/conurbanodiario.com.ar\/?p=64644","title":{"rendered":"MERCADO DE PRODUCTORES FAMILIARES EN VARELA"},"content":{"rendered":"\n<p>El Municipio desplegar\u00e1 el paseo comercial con venta directa de art\u00edculos de calidad a menores costos este jueves 10 de agosto en la plaza del barrio El Tri\u00e1ngulo de Don Jos\u00e9, situada en Diagonal 1 -entre 437 y 404 A-.<\/p>\n\n\n\n<p>De 10 a 14 hs., vecinos y vecinas podr\u00e1n adquirir carnes, verduras, frutas, l\u00e1cteos, pastas, panificados junto a una diversidad de elaboraciones de emprendedores locales.<\/p>\n\n\n\n<p>Carolina encuentra \u201cquesos, embutidos, yogures y algunas hortalizas\u201d. \u201cAbono la mitad que en otros comercios, por ejemplo. Una buena oportunidad\u201d, afirma.<\/p>\n\n\n\n<p>Adem\u00e1s, las y los varelenses adheridos a Cuenta DNI tendr\u00e1n descuento en su compra al utilizarla como medio de pago. En caso de lluvias, prev\u00e9n la suspensi\u00f3n de la jornada.<\/p>\n\n\n\n<p>\u201cUso las rebajas en la plataforma. Noto la diferencia en la cantidad de cosas que llevo. Una adquisici\u00f3n que rinde\u201d, describe Lidia -frentista-.<\/p>\n\n\n\n<p>Carlos se\u00f1ala \u201clos precios muy bajos de los cortes para asado, milanesas y churrascos\u201d. \u201cLo pagamos mediante la aplicaci\u00f3n con la que logramos una quita en el importe total\u201d, remarca.<\/p>\n","protected":false},"excerpt":{"rendered":"<p>El Municipio desplegar\u00e1 el paseo comercial con venta directa de art\u00edculos de calidad a menores&#8230;<\/p>\n","protected":false},"author":1,"featured_media":59656,"comment_status":"closed","ping_status":"closed","sticky":false,"template":"","format":"standard","meta":{"footnotes":""},"categories":[3],"tags":[],"class_list":["post-64644","post","type-post","status-publish","format-standard","has-post-thumbnail","hentry","category-informacion-general"],"_links":{"self":[{"href":"https:\/\/conurbanodiario.com.ar\/index.php?rest_route=\/wp\/v2\/posts\/64644","targetHints":{"allow":["GET"]}}],"collection":[{"href":"https:\/\/conurbanodiario.com.ar\/index.php?rest_route=\/wp\/v2\/posts"}],"about":[{"href":"https:\/\/conurbanodiario.com.ar\/index.php?rest_route=\/wp\/v2\/types\/post"}],"author":[{"embeddable":true,"href":"https:\/\/conurbanodiario.com.ar\/index.php?rest_route=\/wp\/v2\/users\/1"}],"replies":[{"embeddable":true,"href":"https:\/\/conurbanodiario.com.ar\/index.php?rest_route=%2Fwp%2Fv2%2Fcomments&post=64644"}],"version-history":[{"count":1,"href":"https:\/\/conurbanodiario.com.ar\/index.php?rest_route=\/wp\/v2\/posts\/64644\/revisions"}],"predecessor-version":[{"id":64646,"href":"https:\/\/conurbanodiario.com.ar\/index.php?rest_route=\/wp\/v2\/posts\/64644\/revisions\/64646"}],"wp:featuredmedia":[{"embeddable":true,"href":"https:\/\/conurbanodiario.com.ar\/index.php?rest_route=\/wp\/v2\/media\/59656"}],"wp:attachment":[{"href":"https:\/\/conurbanodiario.com.ar\/index.php?rest_route=%2Fwp%2Fv2%2Fmedia&parent=64644"}],"wp:term":[{"taxonomy":"category","embeddable":true,"href":"https:\/\/conurbanodiario.com.ar\/index.php?rest_route=%2Fwp%2Fv2%2Fcategories&post=64644"},{"taxonomy":"post_tag","embeddable":true,"href":"https:\/\/conurbanodiario.com.ar\/index.php?rest_route=%2Fwp%2Fv2%2Ftags&post=64644"}],"curies":[{"name":"wp","href":"https:\/\/api.w.org\/{rel}","templated":true}]}}