{"id":64640,"date":"2023-08-11T01:06:00","date_gmt":"2023-08-11T04:06:00","guid":{"rendered":"https:\/\/conurbanodiario.com.ar\/?p=64640"},"modified":"2023-08-20T05:15:31","modified_gmt":"2023-08-20T08:15:31","slug":"tardes-con-historia-especial-sobre-rieles","status":"publish","type":"post","link":"https:\/\/conurbanodiario.com.ar\/?p=64640","title":{"rendered":"&#8220;TARDES CON HISTORIA&#8221;: ESPECIAL SOBRE RIELES"},"content":{"rendered":"\n<p>La Comuna programa este viernes 11 de agosto a las 15 hs. una nueva edici\u00f3n de la propuesta municipal que aborda hechos del pasado a partir de diferentes elementos o t\u00e9cnicas.<\/p>\n\n\n\n<p>En esta ocasi\u00f3n, el encuentro permitir\u00e1 la inauguraci\u00f3n de la muestra conmemorativa por el d\u00eda del Ferrocarril en la Argentina en el Museo Comunitario de Artes Visuales e Hist\u00f3rico -25 de Mayo esquina Chacabuco-.<\/p>\n\n\n\n<p>Viviana Torres, subdirectora en la mencionada dependencia, resalta el rol fundamental de las locomotoras \u201cpara el desarrollo y consolidaci\u00f3n del modelo econ\u00f3mico en el pa\u00eds entre finales del siglo XIX y comienzos del XX\u201d. \u00abCon su aparici\u00f3n, posterior expansi\u00f3n, nuevos pueblos pasan a ser ciudades como la nuestra\u00bb, rememora.<\/p>\n\n\n\n<p>En referencia a la jornada, anticipa: \u201cSer\u00e1 una reuni\u00f3n en la que vecinas y vecinos fortalecer\u00e1n recuerdos, compartir\u00e1n an\u00e9cdotas de aquella fascinaci\u00f3n por viajar en tren durante su infancia\u201d.<\/p>\n\n\n\n<p>La exhibici\u00f3n gr\u00e1fica trazar\u00e1 una l\u00ednea de tiempo y contar\u00e1 todo el proceso hasta la apertura del Paraje de \u201cSan Juan\u201d en 1884 que origina la Estaci\u00f3n \u201cFlorencio Varela\u201d.<\/p>\n\n\n\n<p>Interesados e interesadas podr\u00e1n visitar la exposici\u00f3n hasta el martes 5 de septiembre, de lunes a viernes, por la ma\u00f1ana desde las 10 hs. y en la tarde a las 14 hs.<\/p>\n","protected":false},"excerpt":{"rendered":"<p>La Comuna programa este viernes 11 de agosto a las 15 hs. una nueva edici\u00f3n&#8230;<\/p>\n","protected":false},"author":1,"featured_media":59656,"comment_status":"closed","ping_status":"closed","sticky":false,"template":"","format":"standard","meta":{"footnotes":""},"categories":[8],"tags":[],"class_list":["post-64640","post","type-post","status-publish","format-standard","has-post-thumbnail","hentry","category-cultura"],"_links":{"self":[{"href":"https:\/\/conurbanodiario.com.ar\/index.php?rest_route=\/wp\/v2\/posts\/64640","targetHints":{"allow":["GET"]}}],"collection":[{"href":"https:\/\/conurbanodiario.com.ar\/index.php?rest_route=\/wp\/v2\/posts"}],"about":[{"href":"https:\/\/conurbanodiario.com.ar\/index.php?rest_route=\/wp\/v2\/types\/post"}],"author":[{"embeddable":true,"href":"https:\/\/conurbanodiario.com.ar\/index.php?rest_route=\/wp\/v2\/users\/1"}],"replies":[{"embeddable":true,"href":"https:\/\/conurbanodiario.com.ar\/index.php?rest_route=%2Fwp%2Fv2%2Fcomments&post=64640"}],"version-history":[{"count":2,"href":"https:\/\/conurbanodiario.com.ar\/index.php?rest_route=\/wp\/v2\/posts\/64640\/revisions"}],"predecessor-version":[{"id":64643,"href":"https:\/\/conurbanodiario.com.ar\/index.php?rest_route=\/wp\/v2\/posts\/64640\/revisions\/64643"}],"wp:featuredmedia":[{"embeddable":true,"href":"https:\/\/conurbanodiario.com.ar\/index.php?rest_route=\/wp\/v2\/media\/59656"}],"wp:attachment":[{"href":"https:\/\/conurbanodiario.com.ar\/index.php?rest_route=%2Fwp%2Fv2%2Fmedia&parent=64640"}],"wp:term":[{"taxonomy":"category","embeddable":true,"href":"https:\/\/conurbanodiario.com.ar\/index.php?rest_route=%2Fwp%2Fv2%2Fcategories&post=64640"},{"taxonomy":"post_tag","embeddable":true,"href":"https:\/\/conurbanodiario.com.ar\/index.php?rest_route=%2Fwp%2Fv2%2Ftags&post=64640"}],"curies":[{"name":"wp","href":"https:\/\/api.w.org\/{rel}","templated":true}]}}