{"id":64637,"date":"2023-08-11T01:08:00","date_gmt":"2023-08-11T04:08:00","guid":{"rendered":"https:\/\/conurbanodiario.com.ar\/?p=64637"},"modified":"2023-08-20T05:15:31","modified_gmt":"2023-08-20T08:15:31","slug":"varela-transporte-publico-gratuito-para-ir-a-votar","status":"publish","type":"post","link":"https:\/\/conurbanodiario.com.ar\/?p=64637","title":{"rendered":"VARELA: TRANSPORTE P\u00daBLICO GRATUITO PARA IR A VOTAR"},"content":{"rendered":"\n<p>Las empresas concesionarias de l\u00edneas comunales ofrecer\u00e1n servicios sin costo el domingo 13 de agosto, entre las 7 y las 19 hs.<\/p>\n\n\n\n<p>El gobierno nacional establece la gratuidad en todas las prestaciones de transporte p\u00fablico en jurisdicci\u00f3n federal, tanto automotor como ferroviario urbano y suburbano, a partir de la Resoluci\u00f3n 435\/2023.<\/p>\n\n\n\n<p>Las compa\u00f1\u00edas locales que facilitar\u00e1n el traslado a los centros de votaci\u00f3n son:<\/p>\n\n\n\n<p>-Micro \u00d3mnibus \u201cPrimera Junta\u201d S. A: l\u00edneas 501 y 504.<\/p>\n\n\n\n<p>-Micro \u00d3mnibus \u201cLa Colorada\u201d SACI: l\u00ednea 505.<\/p>\n\n\n\n<p>-\u201cEl Nuevo Halc\u00f3n\u201d SA: l\u00ednea 502.<\/p>\n\n\n\n<p>-Transportes \u201cSan Juan Bautista\u201d SA: l\u00edneas 500, 503 (Ramal K y R), 506, 507, 508, 509, 511, 512 y 513 (Ramal H y S).<\/p>\n\n\n\n<p>Por \u00faltimo, el Ministerio de Transporte de la Naci\u00f3n comunica que la misma medida rige para las elecciones generales del 22 de octubre con el objetivo que la ciudadan\u00eda tenga mayor accesibilidad para ejercer el deber c\u00edvico.<\/p>\n","protected":false},"excerpt":{"rendered":"<p>Las empresas concesionarias de l\u00edneas comunales ofrecer\u00e1n servicios sin costo el domingo 13 de agosto,&#8230;<\/p>\n","protected":false},"author":1,"featured_media":59656,"comment_status":"closed","ping_status":"closed","sticky":false,"template":"","format":"standard","meta":{"footnotes":""},"categories":[35],"tags":[],"class_list":["post-64637","post","type-post","status-publish","format-standard","has-post-thumbnail","hentry","category-politica"],"_links":{"self":[{"href":"https:\/\/conurbanodiario.com.ar\/index.php?rest_route=\/wp\/v2\/posts\/64637","targetHints":{"allow":["GET"]}}],"collection":[{"href":"https:\/\/conurbanodiario.com.ar\/index.php?rest_route=\/wp\/v2\/posts"}],"about":[{"href":"https:\/\/conurbanodiario.com.ar\/index.php?rest_route=\/wp\/v2\/types\/post"}],"author":[{"embeddable":true,"href":"https:\/\/conurbanodiario.com.ar\/index.php?rest_route=\/wp\/v2\/users\/1"}],"replies":[{"embeddable":true,"href":"https:\/\/conurbanodiario.com.ar\/index.php?rest_route=%2Fwp%2Fv2%2Fcomments&post=64637"}],"version-history":[{"count":1,"href":"https:\/\/conurbanodiario.com.ar\/index.php?rest_route=\/wp\/v2\/posts\/64637\/revisions"}],"predecessor-version":[{"id":64639,"href":"https:\/\/conurbanodiario.com.ar\/index.php?rest_route=\/wp\/v2\/posts\/64637\/revisions\/64639"}],"wp:featuredmedia":[{"embeddable":true,"href":"https:\/\/conurbanodiario.com.ar\/index.php?rest_route=\/wp\/v2\/media\/59656"}],"wp:attachment":[{"href":"https:\/\/conurbanodiario.com.ar\/index.php?rest_route=%2Fwp%2Fv2%2Fmedia&parent=64637"}],"wp:term":[{"taxonomy":"category","embeddable":true,"href":"https:\/\/conurbanodiario.com.ar\/index.php?rest_route=%2Fwp%2Fv2%2Fcategories&post=64637"},{"taxonomy":"post_tag","embeddable":true,"href":"https:\/\/conurbanodiario.com.ar\/index.php?rest_route=%2Fwp%2Fv2%2Ftags&post=64637"}],"curies":[{"name":"wp","href":"https:\/\/api.w.org\/{rel}","templated":true}]}}