{"id":64633,"date":"2023-08-09T01:01:00","date_gmt":"2023-08-09T04:01:00","guid":{"rendered":"https:\/\/conurbanodiario.com.ar\/?p=64633"},"modified":"2023-08-20T05:15:00","modified_gmt":"2023-08-20T08:15:00","slug":"massa-voy-a-ser-el-presidente-del-trabajo-y-los-trabajadores","status":"publish","type":"post","link":"https:\/\/conurbanodiario.com.ar\/?p=64633","title":{"rendered":"MASSA: &#8220;VOY A SER EL PRESIDENTE DEL TRABAJO Y LOS TRABAJADORES&#8221;"},"content":{"rendered":"\n<p>El ministro de Econom\u00eda y precandidato presidencial de Uni\u00f3n por la Patria (UxP), Sergio Massa, advirti\u00f3 este martes que en las PASO del domingo pr\u00f3ximo se empezar\u00e1 a discutir \u00aba qu\u00e9 Argentina vamos\u00bb, al contrastar las pol\u00edticas del Gobierno nacional&nbsp;contra las propuestas de la oposici\u00f3n.<\/p>\n\n\n\n<p>\u00abEst\u00e1n ellos planteando la eliminaci\u00f3n de la indemnizaci\u00f3n por despidos, las vacaciones pagas y la ultraactividad de los convenios colectivos de trabajo, y que hablan del trabajo como un costo y no como el instrumento de dignidad m\u00e1s importante que tiene nuestra sociedad, y estamos todos nosotros, que&nbsp;tenemos una responsabilidad de defender los derechos de los trabajadores y mejorar sus ingresos\u00bb, dijo Massa al encabezar el acto con la CGT.<\/p>\n\n\n\n<p>Luego afirm\u00f3&nbsp;que el peronismo est\u00e1 \u00abconvencido\u00bb de que \u00abel hijo de un laburante y un desocupado puede llegar a la universidad&nbsp;y se presidente, y tiene derecho para hacerlo\u00bb.<\/p>\n\n\n\n<p>\u00abPuedo tener errores, podemos discutir en muchos temas, pero hay un tema en el que no tienen que tener dudas:&nbsp;voy a ser el presidente del trabajo y los trabajadores\u00bb, agreg\u00f3 el precandidato.<\/p>\n\n\n\n<p>Tambi\u00e9n record\u00f3 las permanentes referencias peyorativas de la oposici\u00f3n hacia el pa\u00eds y estableci\u00f3 una diferencia rotunda al se\u00f1alar que&nbsp;en el peronismo est\u00e1n seguros de que \u00absi nos morimos y volvemos a nacer, volvemos a elegir a Argentina como lugar donde nacer\u00bb<\/p>\n\n\n\n<p>\u00abUna y mil veces elegir\u00eda esta patria, porque soy hijo de inmigrantes y&nbsp;entiendo lo que es la movilidad social ascendente\u00bb, subray\u00f3.<\/p>\n\n\n\n<p>\u00abEscucho que dicen que&nbsp;somos un pa\u00eds de mierda y sin destino, cuestionando al modelo sindical argentino, y nosotros sabemos que&nbsp;el movimiento obrero es la columna vertebral del peronismo\u00bb, subray\u00f3.<\/p>\n\n\n\n<p>Las definiciones del ministro y candidato se produjeron&nbsp;despu\u00e9s de que el expresidente Mauricio Macri relatara el lunes en una entrevista televisiva que su hija Antonia, de 11 a\u00f1os, le hab\u00eda dicho que quer\u00eda irse del pa\u00eds&nbsp;para estudiar en el exterior.<\/p>\n\n\n\n<p>Al convocar al voto, Massa dijo que&nbsp;se necesita \u00abun \u00faltimo esfuerzo, ir a buscar barrio por barrio y pedirle a cada uno de sus vecinos que venga&nbsp;y nos acompa\u00f1e\u00bb.<\/p>\n\n\n\n<p>Massa tambi\u00e9n se comprometi\u00f3 a \u00abbajar a\u00fan m\u00e1s el Impuesto a las Ganancias,&nbsp;mejorar a\u00fan m\u00e1s las asignaciones familiares, mejorar con suma fija los salarios m\u00e1s bajos y defender las paritarias libres\u00bb, para \u00abgarantizar que en Argentina el salario recupere lo que&nbsp;perdi\u00f3\u00bb con el Gobierno de Mauricio Macri y la pandemia.<\/p>\n\n\n\n<p>Poco antes, las columnas de los diferentes gremios&nbsp;hab\u00edan&nbsp;arribado pasado el mediod\u00eda al estadio para ubicarse en los distintos sectores con sus banderas y bombos, con el marco t\u00edpico de un acto sindical peronista y con los c\u00e1nticos tradicionales de cada sindicato, que transformaron al DirecTV Arenas en una cancha de f\u00fatbol.<\/p>\n\n\n\n<p>Massa lleg\u00f3 al predio junto a Agust\u00edn Rossi, su compa\u00f1ero de f\u00f3rmula, y el ministro del Interior y precandidato a senador por la provincia de Buenos Aires, Eduardo \u00abWado\u00bb De Pedro, adem\u00e1s del referente de SMATA Mario \u00abPaco\u00bb Manrique.<\/p>\n\n\n\n<p>Con ese color, los c\u00e1nticos de la UOCRA, UPCN, Camioneros y la UOM&nbsp;le aportaron un calor especial a una tarde de invierno soleada&nbsp;pero fr\u00eda, en la recta final para las PASO del pr\u00f3ximo domingo.<\/p>\n\n\n\n<p>Por un momento, mientras se esperaba por la llegada del precandidato oficialista que particip\u00f3 al mediod\u00eda de una actividad en la ciudad santafesina de Rosario, todos los trabajadores de los gremios se unieron en un solo grito: \u00abVamos Massa que tenemos que ganar\u00bb; seguido por un c\u00e1ntico ensordecedor: \u00abY ya lo ve, hay una sola CGT\u00bb, en reclamo de la unidad sindical.<\/p>\n\n\n\n<p>A su vez, Moyano indic\u00f3 que \u00abel apoyo es total a la f\u00f3rmula Massa-Rossi. Creo que es la \u00fanica f\u00f3rmula que puede darle respuesta a los trabajadores\u00bb.<\/p>\n\n\n\n<p>\u00abTenemos la tranquilidad que&nbsp;Massa no va a tocar los convenios de trabajo, no les va a sacar las paritarias ni las indemnizaciones por eso todo el apoyo de los trabajadores\u00bb, apunt\u00f3.<\/p>\n\n\n\n<p>Por su parte, Acu\u00f1a declar\u00f3 que Massa \u00abdefiende fundamentalmente&nbsp;la dignidad de la gente que trabaja&nbsp;y defiende la escuela p\u00fablica y las universidades\u00bb.<\/p>\n\n\n\n<p>En cuanto a la intenci\u00f3n de Massa de otorgar una suma fija, tanto Moyano como Gerardo Mart\u00ednez, secretario general de la UOCRA, consideraron que \u00abser\u00eda muy importante para muchos trabajadores que todav\u00eda no le ganaron a la inflaci\u00f3n\u00bb.<\/p>\n\n\n\n<p>Por \u00faltimo, los triunviros opinaron que votar a los precandidatos de la oposici\u00f3n Patricia Bullrich u Horacio Rodr\u00edguez Larreta \u00abser\u00eda volver al pasado\u00bb.<\/p>\n","protected":false},"excerpt":{"rendered":"<p>El ministro de Econom\u00eda y precandidato presidencial de Uni\u00f3n por la Patria (UxP), Sergio Massa,&#8230;<\/p>\n","protected":false},"author":1,"featured_media":59656,"comment_status":"closed","ping_status":"closed","sticky":false,"template":"","format":"standard","meta":{"footnotes":""},"categories":[1,5],"tags":[],"class_list":["post-64633","post","type-post","status-publish","format-standard","has-post-thumbnail","hentry","category-noticia-del-dia","category-el-pais"],"_links":{"self":[{"href":"https:\/\/conurbanodiario.com.ar\/index.php?rest_route=\/wp\/v2\/posts\/64633","targetHints":{"allow":["GET"]}}],"collection":[{"href":"https:\/\/conurbanodiario.com.ar\/index.php?rest_route=\/wp\/v2\/posts"}],"about":[{"href":"https:\/\/conurbanodiario.com.ar\/index.php?rest_route=\/wp\/v2\/types\/post"}],"author":[{"embeddable":true,"href":"https:\/\/conurbanodiario.com.ar\/index.php?rest_route=\/wp\/v2\/users\/1"}],"replies":[{"embeddable":true,"href":"https:\/\/conurbanodiario.com.ar\/index.php?rest_route=%2Fwp%2Fv2%2Fcomments&post=64633"}],"version-history":[{"count":2,"href":"https:\/\/conurbanodiario.com.ar\/index.php?rest_route=\/wp\/v2\/posts\/64633\/revisions"}],"predecessor-version":[{"id":64636,"href":"https:\/\/conurbanodiario.com.ar\/index.php?rest_route=\/wp\/v2\/posts\/64633\/revisions\/64636"}],"wp:featuredmedia":[{"embeddable":true,"href":"https:\/\/conurbanodiario.com.ar\/index.php?rest_route=\/wp\/v2\/media\/59656"}],"wp:attachment":[{"href":"https:\/\/conurbanodiario.com.ar\/index.php?rest_route=%2Fwp%2Fv2%2Fmedia&parent=64633"}],"wp:term":[{"taxonomy":"category","embeddable":true,"href":"https:\/\/conurbanodiario.com.ar\/index.php?rest_route=%2Fwp%2Fv2%2Fcategories&post=64633"},{"taxonomy":"post_tag","embeddable":true,"href":"https:\/\/conurbanodiario.com.ar\/index.php?rest_route=%2Fwp%2Fv2%2Ftags&post=64633"}],"curies":[{"name":"wp","href":"https:\/\/api.w.org\/{rel}","templated":true}]}}