{"id":64624,"date":"2023-08-11T01:05:00","date_gmt":"2023-08-11T04:05:00","guid":{"rendered":"https:\/\/conurbanodiario.com.ar\/?p=64624"},"modified":"2023-08-20T05:15:31","modified_gmt":"2023-08-20T08:15:31","slug":"el-nivel-de-actividad-en-el-sector-pesquero-subio-en-junio-36-interanual","status":"publish","type":"post","link":"https:\/\/conurbanodiario.com.ar\/?p=64624","title":{"rendered":"EL NIVEL DE ACTIVIDAD EN EL SECTOR PESQUERO SUBI\u00d3 EN JUNIO 3,6% INTERANUAL"},"content":{"rendered":"\n<p>El \u00edndice de actividad del sector pesquero creci\u00f3 durante junio 3,6% en relaci\u00f3n a igual mes del a\u00f1o pasado, inform\u00f3 esta semana el Instituto Nacional de Estad\u00edstica y Censos (Indec).<\/p>\n\n\n\n<p>Adem\u00e1s, la actividad de junio estuvo 25,3% por encima de la registrada en mayo pasado, con lo cual el acumulado del sector para los seis primeros meses del corriente a\u00f1o arroj\u00f3 un resultado negativo de 15,2%.<\/p>\n\n\n\n<p>Durante junio, el grupo \u201cPeces\u201d registr\u00f3 una ca\u00edda de 23,6% respecto a igual mes del 2022.<\/p>\n\n\n\n<p>Por su parte, la extracci\u00f3n de \u201cCrust\u00e1ceos\u201d marc\u00f3 un incremento de 6,3% interanual.<\/p>\n\n\n\n<p>Por \u00faltimo, el grupo \u201cMoluscos\u201d reflej\u00f3 en junio un aumento en el nivel de actividad de 13,9% en t\u00e9rminos interanuales.<\/p>\n","protected":false},"excerpt":{"rendered":"<p>El \u00edndice de actividad del sector pesquero creci\u00f3 durante junio 3,6% en relaci\u00f3n a igual&#8230;<\/p>\n","protected":false},"author":1,"featured_media":59656,"comment_status":"closed","ping_status":"closed","sticky":false,"template":"","format":"standard","meta":{"footnotes":""},"categories":[5],"tags":[],"class_list":["post-64624","post","type-post","status-publish","format-standard","has-post-thumbnail","hentry","category-el-pais"],"_links":{"self":[{"href":"https:\/\/conurbanodiario.com.ar\/index.php?rest_route=\/wp\/v2\/posts\/64624","targetHints":{"allow":["GET"]}}],"collection":[{"href":"https:\/\/conurbanodiario.com.ar\/index.php?rest_route=\/wp\/v2\/posts"}],"about":[{"href":"https:\/\/conurbanodiario.com.ar\/index.php?rest_route=\/wp\/v2\/types\/post"}],"author":[{"embeddable":true,"href":"https:\/\/conurbanodiario.com.ar\/index.php?rest_route=\/wp\/v2\/users\/1"}],"replies":[{"embeddable":true,"href":"https:\/\/conurbanodiario.com.ar\/index.php?rest_route=%2Fwp%2Fv2%2Fcomments&post=64624"}],"version-history":[{"count":1,"href":"https:\/\/conurbanodiario.com.ar\/index.php?rest_route=\/wp\/v2\/posts\/64624\/revisions"}],"predecessor-version":[{"id":64626,"href":"https:\/\/conurbanodiario.com.ar\/index.php?rest_route=\/wp\/v2\/posts\/64624\/revisions\/64626"}],"wp:featuredmedia":[{"embeddable":true,"href":"https:\/\/conurbanodiario.com.ar\/index.php?rest_route=\/wp\/v2\/media\/59656"}],"wp:attachment":[{"href":"https:\/\/conurbanodiario.com.ar\/index.php?rest_route=%2Fwp%2Fv2%2Fmedia&parent=64624"}],"wp:term":[{"taxonomy":"category","embeddable":true,"href":"https:\/\/conurbanodiario.com.ar\/index.php?rest_route=%2Fwp%2Fv2%2Fcategories&post=64624"},{"taxonomy":"post_tag","embeddable":true,"href":"https:\/\/conurbanodiario.com.ar\/index.php?rest_route=%2Fwp%2Fv2%2Ftags&post=64624"}],"curies":[{"name":"wp","href":"https:\/\/api.w.org\/{rel}","templated":true}]}}