{"id":64614,"date":"2023-08-09T01:09:00","date_gmt":"2023-08-09T04:09:00","guid":{"rendered":"https:\/\/conurbanodiario.com.ar\/?p=64614"},"modified":"2023-08-20T05:14:30","modified_gmt":"2023-08-20T08:14:30","slug":"madre-de-la-victima-declara-que-el-presunto-femicida-juzgado-le-saco-lo-mas-importante","status":"publish","type":"post","link":"https:\/\/conurbanodiario.com.ar\/?p=64614","title":{"rendered":"MADRE DE LA V\u00cdCTIMA DECLARA QUE EL PRESUNTO FEMICIDA JUZGADO LE SAC\u00d3 LO M\u00c1S IMPORTANTE"},"content":{"rendered":"\n<p>La madre de una kinesi\u00f3loga estrangulada en marzo de 2022 en el partido bonaerense de Coronel Dorrego declar\u00f3 ayer en el juicio por jurados que se le sigue a la expareja de la v\u00edctima que el acusado le \u00absac\u00f3 lo m\u00e1s importante\u00bb al asesinar a su hija.<\/p>\n\n\n\n<p>\u00ab\u00c9l me sac\u00f3 lo mas importante, asesin\u00f3 a mi hija\u00bb, sostuvo Delia Flores, madre de Natal\u00ed Rodr\u00edguez (30) en los tribunales de la ciudad de Bah\u00eda Blanca, donde se somete a proceso al imputado Sebasti\u00e1n Calvo (34).<\/p>\n\n\n\n<p>La mujer cont\u00f3 c\u00f3mo se enter\u00f3 de lo ocurrido con su hija y relat\u00f3 algunas situaciones previas al femicidio.<\/p>\n\n\n\n<p>Seg\u00fan Delia, el d\u00eda del crimen fue r\u00e1pido para el domicilio de su hija, luego de ser alertada por su suegra, y encontr\u00f3 a Natal\u00ed tendida en el piso, tras lo cual, se descompens\u00f3 y tuvo que recibir atenci\u00f3n medica, por lo que no recordaba con precisi\u00f3n las situaciones inmediatamente posteriores.<\/p>\n\n\n\n<p>Luego, la mujer refiri\u00f3 que durante los meses previos al crimen, ella tom\u00f3 conocimiento de que a su hija le hab\u00edan revisado la basura y que el acusado pasaba por la casa de Natal\u00ed, quien se sent\u00eda espiada.<\/p>\n\n\n\n<p>Adem\u00e1s, relat\u00f3 que Calvo le sustrajo el tel\u00e9fono, lo revis\u00f3 y escuch\u00f3 los mensajes que ella se enviaba con su hija, en los que quedaba expuesto que la v\u00edctima hab\u00eda comenzado una relaci\u00f3n de amistad con un joven, lo que provoc\u00f3 que Calvo reaccionara a los gritos en el patio de su casa.<\/p>\n\n\n\n<p>La mujer dijo que, tras la separaci\u00f3n de la pareja, ella \u00abquer\u00eda que se lleven bien\u00bb por las hijas que ambos ten\u00edan y que hasta le ofreci\u00f3 su \u00abcasa para que se quede\u00bb con las nenas.<\/p>\n\n\n\n<p>En esta misma segunda audiencia del juicio tambi\u00e9n declararon otros testigos presentados por la fiscal\u00eda, a cargo de Jorge Viego.<\/p>\n\n\n\n<p>Entres esos testimonios estuvieron el de una abogada del Ministerio de la Mujer que intervino en la causa en la tarea de contenci\u00f3n de los familiares de la v\u00edctima, una efectivo de la Direcci\u00f3n Departamental de Investigaciones (DDI) de la zona que perit\u00f3 el celular del acusado y una amiga de la v\u00edctima que puso a disposici\u00f3n de la Justicia las conversaciones que manten\u00edan los meses previos al crimen.<\/p>\n\n\n\n<p>En reiteradas oportunidades, el fiscal le solicit\u00f3 al juez t\u00e9cnico Eduardo d&#8217;Empaire que autorice la proyecci\u00f3n de los mensajes de texto para que el jurado pudiera leer y observar de manera directa el contenido de las comunicaciones.<\/p>\n\n\n\n<p>A partir de los mensajes expuestos durante la presentaci\u00f3n de la amiga de la v\u00edctima quedaron en evidencia algunas situaciones que Calvo protagoniz\u00f3, entre ellas, un presunto intento de suicidio en el patio de la casa de su expareja.<\/p>\n\n\n\n<p>Durante la primer audiencia del juicio que se le sigue a Calvo por el delito de \u00abhomicidio calificado por haber sido cometido por un hombre contra una mujer mediando violencia de g\u00e9nero\u00bb, tanto la fiscal\u00eda como la abogada representante de la familia, adelantaron que intentar\u00edan probar que el crimen de Natal\u00ed ocurri\u00f3 en un contexto de violencia de genero.<\/p>\n\n\n\n<p>Los voceros indicaron que est\u00e1 previsto que el juicio por jurados contin\u00fae este mi\u00e9rcoles, cuando se estima se conocer\u00e1 el veredicto.<\/p>\n\n\n\n<p>El crimen de Rodr\u00edguez se conoci\u00f3 el 15 de marzo de 2022, cuando Calvo se present\u00f3 espont\u00e1neamente en la subcomisar\u00eda de la localidad de Oriente, ubicada a unos 85 kil\u00f3metros de Coronel Dorrego, y confes\u00f3 que hab\u00eda estrangulado a su mujer.<\/p>\n\n\n\n<p>Ante esa confesi\u00f3n, el personal se dirigi\u00f3 a la vivienda ubicada en calle Mitre al 400 de la mencionada localidad bonaerense, donde encontr\u00f3 a la mujer con presuntos signos de estrangulamiento.<\/p>\n\n\n\n<p>Seg\u00fan fuentes judiciales, el acusado se neg\u00f3 a declarar luego ante la Justicia cuando fue indagado y, desde entonces, no volvi\u00f3 a explicar qu\u00e9 fue lo que pas\u00f3.<\/p>\n\n\n\n<p>Tras el hallazgo y a pedido de la Justicia, Calvo qued\u00f3 detenido y, en estos momentos, permanece alojado en la Unidad Penitenciaria 4 de Bah\u00eda Blanca. <\/p>\n","protected":false},"excerpt":{"rendered":"<p>La madre de una kinesi\u00f3loga estrangulada en marzo de 2022 en el partido bonaerense de&#8230;<\/p>\n","protected":false},"author":1,"featured_media":59656,"comment_status":"closed","ping_status":"closed","sticky":false,"template":"","format":"standard","meta":{"footnotes":""},"categories":[29],"tags":[],"class_list":["post-64614","post","type-post","status-publish","format-standard","has-post-thumbnail","hentry","category-judiciales"],"_links":{"self":[{"href":"https:\/\/conurbanodiario.com.ar\/index.php?rest_route=\/wp\/v2\/posts\/64614","targetHints":{"allow":["GET"]}}],"collection":[{"href":"https:\/\/conurbanodiario.com.ar\/index.php?rest_route=\/wp\/v2\/posts"}],"about":[{"href":"https:\/\/conurbanodiario.com.ar\/index.php?rest_route=\/wp\/v2\/types\/post"}],"author":[{"embeddable":true,"href":"https:\/\/conurbanodiario.com.ar\/index.php?rest_route=\/wp\/v2\/users\/1"}],"replies":[{"embeddable":true,"href":"https:\/\/conurbanodiario.com.ar\/index.php?rest_route=%2Fwp%2Fv2%2Fcomments&post=64614"}],"version-history":[{"count":1,"href":"https:\/\/conurbanodiario.com.ar\/index.php?rest_route=\/wp\/v2\/posts\/64614\/revisions"}],"predecessor-version":[{"id":64616,"href":"https:\/\/conurbanodiario.com.ar\/index.php?rest_route=\/wp\/v2\/posts\/64614\/revisions\/64616"}],"wp:featuredmedia":[{"embeddable":true,"href":"https:\/\/conurbanodiario.com.ar\/index.php?rest_route=\/wp\/v2\/media\/59656"}],"wp:attachment":[{"href":"https:\/\/conurbanodiario.com.ar\/index.php?rest_route=%2Fwp%2Fv2%2Fmedia&parent=64614"}],"wp:term":[{"taxonomy":"category","embeddable":true,"href":"https:\/\/conurbanodiario.com.ar\/index.php?rest_route=%2Fwp%2Fv2%2Fcategories&post=64614"},{"taxonomy":"post_tag","embeddable":true,"href":"https:\/\/conurbanodiario.com.ar\/index.php?rest_route=%2Fwp%2Fv2%2Ftags&post=64614"}],"curies":[{"name":"wp","href":"https:\/\/api.w.org\/{rel}","templated":true}]}}